{"id":2595,"date":"2013-09-13T08:02:56","date_gmt":"2013-09-13T08:02:56","guid":{"rendered":"http:\/\/www.tacoandco.fr\/?p=2595"},"modified":"2013-09-13T08:02:56","modified_gmt":"2013-09-13T08:02:56","slug":"tri-selectif-centre-ancien-arles-2-7-t-de-verres-ramassees-par-taco-and-co-en-aout","status":"publish","type":"post","link":"https:\/\/www.tacoandco.fr\/en\/blog\/2013\/09\/13\/tri-selectif-centre-ancien-arles-2-7-t-de-verres-ramassees-par-taco-and-co-en-aout\/","title":{"rendered":"Tri selectif centre ancien Arles: 2.7 T de verres ramass\u00e9es par Taco and Co en Ao\u00fbt"},"content":{"rendered":"<p>Dans le cadre du tri selectif dans le centre ancien d&rsquo;Arles, 2.7 tonnes de verres ont \u00e9t\u00e9 ramass\u00e9es par Taco and Co au mois d&rsquo;Ao\u00fbt.<\/p>\n<p>Merci aux restaurants qui prennent part \u00e0 ce projet \u00e9cologique: Hotel Voltaire, le QG, brasserie 2G, Chez Ariane, chez Caro, Nord Pinus, la Mule Blanche, le Brin de thym, l&rsquo;Ouvre boite et le nouveau venu ce mois ci La Maison des Gourmands &#8230;.<br \/>\nEnl\u00e8vement \u00e0 votre domicile ou votre \u00e9tablissement pour seulement 2 euros alors n&rsquo;h\u00e9sitez plus et facilitez vous la vie&#8230;.<\/p>\n<figure id=\"attachment_2484\" aria-describedby=\"caption-attachment-2484\" style=\"width: 400px\" class=\"wp-caption aligncenter\"><a href=\"http:\/\/www.tacoandco.fr\/wp-content\/uploads\/2013\/08\/IMG_2221-Copier1.jpg\"><img fetchpriority=\"high\" decoding=\"async\" class=\"size-full wp-image-2484\" alt=\"Tri s\u00e9lectif dans centre ville d'Arles en v\u00e9lo cargo\" src=\"http:\/\/www.tacoandco.fr\/wp-content\/uploads\/2013\/08\/IMG_2221-Copier1.jpg\" width=\"400\" height=\"600\" srcset=\"https:\/\/www.tacoandco.fr\/wp-content\/uploads\/2013\/08\/IMG_2221-Copier1.jpg 400w, https:\/\/www.tacoandco.fr\/wp-content\/uploads\/2013\/08\/IMG_2221-Copier1-200x300.jpg 200w\" sizes=\"(max-width: 400px) 100vw, 400px\" \/><\/a><figcaption id=\"caption-attachment-2484\" class=\"wp-caption-text\">Tri s\u00e9lectif dans centre ville d&rsquo;Arles en v\u00e9lo cargo<\/figcaption><\/figure>","protected":false},"excerpt":{"rendered":"<p>Dans le cadre du tri selectif dans le centre ancien d&rsquo;Arles, 2.7 tonnes de verres ont \u00e9t\u00e9 ramass\u00e9es par Taco and Co au mois d&rsquo;Ao\u00fbt. Merci aux restaurants qui prennent part \u00e0 ce projet \u00e9cologique: Hotel Voltaire, le QG, brasserie 2G, Chez Ariane, chez Caro, Nord Pinus, la Mule Blanche, le Brin de thym, l&rsquo;Ouvre [&hellip;]<\/p>","protected":false},"author":2,"featured_media":2484,"comment_status":"closed","ping_status":"closed","sticky":false,"template":"","format":"standard","meta":{"footnotes":""},"categories":[4,3],"tags":[],"class_list":["post-2595","post","type-post","status-publish","format-standard","has-post-thumbnail","hentry","category-accueil","category-actualites","entry","has-media"],"aioseo_notices":[],"_links":{"self":[{"href":"https:\/\/www.tacoandco.fr\/en\/wp-json\/wp\/v2\/posts\/2595","targetHints":{"allow":["GET"]}}],"collection":[{"href":"https:\/\/www.tacoandco.fr\/en\/wp-json\/wp\/v2\/posts"}],"about":[{"href":"https:\/\/www.tacoandco.fr\/en\/wp-json\/wp\/v2\/types\/post"}],"author":[{"embeddable":true,"href":"https:\/\/www.tacoandco.fr\/en\/wp-json\/wp\/v2\/users\/2"}],"replies":[{"embeddable":true,"href":"https:\/\/www.tacoandco.fr\/en\/wp-json\/wp\/v2\/comments?post=2595"}],"version-history":[{"count":0,"href":"https:\/\/www.tacoandco.fr\/en\/wp-json\/wp\/v2\/posts\/2595\/revisions"}],"wp:featuredmedia":[{"embeddable":true,"href":"https:\/\/www.tacoandco.fr\/en\/wp-json\/wp\/v2\/media\/2484"}],"wp:attachment":[{"href":"https:\/\/www.tacoandco.fr\/en\/wp-json\/wp\/v2\/media?parent=2595"}],"wp:term":[{"taxonomy":"category","embeddable":true,"href":"https:\/\/www.tacoandco.fr\/en\/wp-json\/wp\/v2\/categories?post=2595"},{"taxonomy":"post_tag","embeddable":true,"href":"https:\/\/www.tacoandco.fr\/en\/wp-json\/wp\/v2\/tags?post=2595"}],"curies":[{"name":"wp","href":"https:\/\/api.w.org\/{rel}","templated":true}]}}