{"id":2669,"date":"2013-11-09T09:19:53","date_gmt":"2013-11-09T09:19:53","guid":{"rendered":"http:\/\/www.tacoandco.fr\/?p=2669"},"modified":"2013-11-13T14:06:42","modified_gmt":"2013-11-13T14:06:42","slug":"provence-prestige-2013-navettes-gratuites-en-velo-taco-et-en-caleches","status":"publish","type":"post","link":"https:\/\/www.tacoandco.fr\/en\/blog\/2013\/11\/09\/provence-prestige-2013-navettes-gratuites-en-velo-taco-et-en-caleches\/","title":{"rendered":"Provence Prestige 2013: Navettes gratuites en v\u00e9lo taco et en cal\u00e8ches entre le salon et le centre ville d&rsquo;Arles"},"content":{"rendered":"<p>A l&rsquo;occasion de Provence Prestige 2013 et comme chaque ann\u00e9e, des navettes gratuites feront la liaison entre le centre ville d&rsquo;Arles et le salon Provence Prestige.<\/p>\n<p>Deux v\u00e9lo taco, au d\u00e9part de l&rsquo;office du tourisme, transporteront gratuitement les visiteurs vers le salon Provence Prestige du 21 au 25 Novembre de 10h \u00e0 19h sauf le week end.<\/p>\n<p>Deux cal\u00e8ches effectueront des navettes gratuites salon Provence Prestige\/centre ville d&rsquo;Arles pendant tout le week end avec un d\u00e9part sur la place de la Mairie.<\/p>\n<p>Toutes les informations pratiques sur:<a href=\"http:\/\/www.provenceprestige.com\/\">http:\/\/www.provenceprestige.com\/<\/a><\/p>\n<figure id=\"attachment_2654\" aria-describedby=\"caption-attachment-2654\" style=\"width: 400px\" class=\"wp-caption aligncenter\"><a href=\"http:\/\/www.tacoandco.fr\/wp-content\/uploads\/2013\/11\/Provenc-Prestige-2013.jpg\"><img fetchpriority=\"high\" decoding=\"async\" class=\"size-full wp-image-2654\" alt=\"Provence Prestige 2013\" src=\"http:\/\/www.tacoandco.fr\/wp-content\/uploads\/2013\/11\/Provenc-Prestige-2013.jpg\" width=\"400\" height=\"600\" srcset=\"https:\/\/www.tacoandco.fr\/wp-content\/uploads\/2013\/11\/Provenc-Prestige-2013.jpg 400w, https:\/\/www.tacoandco.fr\/wp-content\/uploads\/2013\/11\/Provenc-Prestige-2013-200x300.jpg 200w\" sizes=\"(max-width: 400px) 100vw, 400px\" \/><\/a><figcaption id=\"caption-attachment-2654\" class=\"wp-caption-text\">Provence Prestige 2013<\/figcaption><\/figure>\n<p>&nbsp;<\/p>\n<figure id=\"attachment_2673\" aria-describedby=\"caption-attachment-2673\" style=\"width: 461px\" class=\"wp-caption aligncenter\"><a href=\"http:\/\/www.tacoandco.fr\/wp-content\/uploads\/2013\/11\/Provence-Prestige-2013-\u00e0-Arles-Copier.jpg\"><img decoding=\"async\" class=\"size-full wp-image-2673\" alt=\"Provence Prestige 2013 \u00e0 Arles \" src=\"http:\/\/www.tacoandco.fr\/wp-content\/uploads\/2013\/11\/Provence-Prestige-2013-\u00e0-Arles-Copier.jpg\" width=\"461\" height=\"768\" srcset=\"https:\/\/www.tacoandco.fr\/wp-content\/uploads\/2013\/11\/Provence-Prestige-2013-\u00e0-Arles-Copier.jpg 461w, https:\/\/www.tacoandco.fr\/wp-content\/uploads\/2013\/11\/Provence-Prestige-2013-\u00e0-Arles-Copier-180x300.jpg 180w\" sizes=\"(max-width: 461px) 100vw, 461px\" \/><\/a><figcaption id=\"caption-attachment-2673\" class=\"wp-caption-text\">Provence Prestige 2013 \u00e0 Arles<\/figcaption><\/figure>","protected":false},"excerpt":{"rendered":"<p>A l&rsquo;occasion de Provence Prestige 2013 et comme chaque ann\u00e9e, des navettes gratuites feront la liaison entre le centre ville d&rsquo;Arles et le salon Provence Prestige. Deux v\u00e9lo taco, au d\u00e9part de l&rsquo;office du tourisme, transporteront gratuitement les visiteurs vers le salon Provence Prestige du 21 au 25 Novembre de 10h \u00e0 19h sauf le [&hellip;]<\/p>","protected":false},"author":2,"featured_media":2655,"comment_status":"closed","ping_status":"closed","sticky":false,"template":"","format":"standard","meta":{"footnotes":""},"categories":[4,3],"tags":[],"class_list":["post-2669","post","type-post","status-publish","format-standard","has-post-thumbnail","hentry","category-accueil","category-actualites","entry","has-media"],"aioseo_notices":[],"_links":{"self":[{"href":"https:\/\/www.tacoandco.fr\/en\/wp-json\/wp\/v2\/posts\/2669","targetHints":{"allow":["GET"]}}],"collection":[{"href":"https:\/\/www.tacoandco.fr\/en\/wp-json\/wp\/v2\/posts"}],"about":[{"href":"https:\/\/www.tacoandco.fr\/en\/wp-json\/wp\/v2\/types\/post"}],"author":[{"embeddable":true,"href":"https:\/\/www.tacoandco.fr\/en\/wp-json\/wp\/v2\/users\/2"}],"replies":[{"embeddable":true,"href":"https:\/\/www.tacoandco.fr\/en\/wp-json\/wp\/v2\/comments?post=2669"}],"version-history":[{"count":5,"href":"https:\/\/www.tacoandco.fr\/en\/wp-json\/wp\/v2\/posts\/2669\/revisions"}],"predecessor-version":[{"id":2688,"href":"https:\/\/www.tacoandco.fr\/en\/wp-json\/wp\/v2\/posts\/2669\/revisions\/2688"}],"wp:featuredmedia":[{"embeddable":true,"href":"https:\/\/www.tacoandco.fr\/en\/wp-json\/wp\/v2\/media\/2655"}],"wp:attachment":[{"href":"https:\/\/www.tacoandco.fr\/en\/wp-json\/wp\/v2\/media?parent=2669"}],"wp:term":[{"taxonomy":"category","embeddable":true,"href":"https:\/\/www.tacoandco.fr\/en\/wp-json\/wp\/v2\/categories?post=2669"},{"taxonomy":"post_tag","embeddable":true,"href":"https:\/\/www.tacoandco.fr\/en\/wp-json\/wp\/v2\/tags?post=2669"}],"curies":[{"name":"wp","href":"https:\/\/api.w.org\/{rel}","templated":true}]}}