{"id":2676,"date":"2013-11-12T10:43:32","date_gmt":"2013-11-12T10:43:32","guid":{"rendered":"http:\/\/www.tacoandco.fr\/?p=2676"},"modified":"2013-11-12T10:43:32","modified_gmt":"2013-11-12T10:43:32","slug":"les-rencontres-de-lemploi-du-2-au-6-decembre-2013-a-arles","status":"publish","type":"post","link":"https:\/\/www.tacoandco.fr\/en\/blog\/2013\/11\/12\/les-rencontres-de-lemploi-du-2-au-6-decembre-2013-a-arles\/","title":{"rendered":"Les Rencontres de l&#8217;emploi du 2 au 6 d\u00e9cembre 2013 \u00e0 Arles"},"content":{"rendered":"<p>Les \u00ab\u00a0Rencontres de l&#8217;emploi\u00a0\u00bb organis\u00e9es par la communaut\u00e9 d&rsquo;agglom\u00e9ration ACCM, auront lieu du 2 au 6 d\u00e9cembre \u00e0 Arles.<\/p>\n<p>Cette 4\u00e8me \u00e9dition des Rencontres de l&#8217;emploi se d\u00e9roulera \u00e0 la maison de la vie associative d&rsquo;Arles sur le Boulevard des Lices.<\/p>\n<p>Au-del\u00e0 de la mise en relation entre le demandeur d&#8217;emploi et l&rsquo;entreprise, les rencontres de l&#8217;emploi \u00a0doivent permettre\u00a0\u00a0\u00a0une am\u00e9lioration des m\u00e9thodes de recherche d&#8217;emploi, de tester ses comportements face \u00e0 l&rsquo;\u00e9ventuel recruteur, ou de mettre en valeur ses comp\u00e9tences avec notamment des\u00a0ateliers th\u00e9matiques, mises en situation r\u00e9elle ou tables rondes<\/p>\n<p>Venez nombreux participer aux divers ateliers, d\u00e9bats ou autre job dating !!<\/p>\n<p>Pour plus d&rsquo;informations: www.agglo-accm.fr ou 0486526060<\/p>\n<p>&nbsp;<\/p>\n<figure id=\"attachment_2677\" aria-describedby=\"caption-attachment-2677\" style=\"width: 400px\" class=\"wp-caption aligncenter\"><a href=\"http:\/\/www.tacoandco.fr\/wp-content\/uploads\/2013\/11\/IMG_3148-Copier.jpg\"><img fetchpriority=\"high\" decoding=\"async\" class=\"size-full wp-image-2677\" alt=\"Les Rencontres de l'emploi \u00e0 Arles\" src=\"http:\/\/www.tacoandco.fr\/wp-content\/uploads\/2013\/11\/IMG_3148-Copier.jpg\" width=\"400\" height=\"600\" srcset=\"https:\/\/www.tacoandco.fr\/wp-content\/uploads\/2013\/11\/IMG_3148-Copier.jpg 400w, https:\/\/www.tacoandco.fr\/wp-content\/uploads\/2013\/11\/IMG_3148-Copier-200x300.jpg 200w\" sizes=\"(max-width: 400px) 100vw, 400px\" \/><\/a><figcaption id=\"caption-attachment-2677\" class=\"wp-caption-text\">Les Rencontres de l&#8217;emploi 2013 \u00e0 Arles<\/figcaption><\/figure>","protected":false},"excerpt":{"rendered":"<p>Les \u00ab\u00a0Rencontres de l&#8217;emploi\u00a0\u00bb organis\u00e9es par la communaut\u00e9 d&rsquo;agglom\u00e9ration ACCM, auront lieu du 2 au 6 d\u00e9cembre \u00e0 Arles. Cette 4\u00e8me \u00e9dition des Rencontres de l&#8217;emploi se d\u00e9roulera \u00e0 la maison de la vie associative d&rsquo;Arles sur le Boulevard des Lices. Au-del\u00e0 de la mise en relation entre le demandeur d&#8217;emploi et l&rsquo;entreprise, les rencontres [&hellip;]<\/p>","protected":false},"author":2,"featured_media":2677,"comment_status":"closed","ping_status":"closed","sticky":false,"template":"","format":"standard","meta":{"footnotes":""},"categories":[4,3],"tags":[],"class_list":["post-2676","post","type-post","status-publish","format-standard","has-post-thumbnail","hentry","category-accueil","category-actualites","entry","has-media"],"aioseo_notices":[],"_links":{"self":[{"href":"https:\/\/www.tacoandco.fr\/en\/wp-json\/wp\/v2\/posts\/2676","targetHints":{"allow":["GET"]}}],"collection":[{"href":"https:\/\/www.tacoandco.fr\/en\/wp-json\/wp\/v2\/posts"}],"about":[{"href":"https:\/\/www.tacoandco.fr\/en\/wp-json\/wp\/v2\/types\/post"}],"author":[{"embeddable":true,"href":"https:\/\/www.tacoandco.fr\/en\/wp-json\/wp\/v2\/users\/2"}],"replies":[{"embeddable":true,"href":"https:\/\/www.tacoandco.fr\/en\/wp-json\/wp\/v2\/comments?post=2676"}],"version-history":[{"count":1,"href":"https:\/\/www.tacoandco.fr\/en\/wp-json\/wp\/v2\/posts\/2676\/revisions"}],"predecessor-version":[{"id":2678,"href":"https:\/\/www.tacoandco.fr\/en\/wp-json\/wp\/v2\/posts\/2676\/revisions\/2678"}],"wp:featuredmedia":[{"embeddable":true,"href":"https:\/\/www.tacoandco.fr\/en\/wp-json\/wp\/v2\/media\/2677"}],"wp:attachment":[{"href":"https:\/\/www.tacoandco.fr\/en\/wp-json\/wp\/v2\/media?parent=2676"}],"wp:term":[{"taxonomy":"category","embeddable":true,"href":"https:\/\/www.tacoandco.fr\/en\/wp-json\/wp\/v2\/categories?post=2676"},{"taxonomy":"post_tag","embeddable":true,"href":"https:\/\/www.tacoandco.fr\/en\/wp-json\/wp\/v2\/tags?post=2676"}],"curies":[{"name":"wp","href":"https:\/\/api.w.org\/{rel}","templated":true}]}}