{"id":2682,"date":"2013-11-13T14:04:22","date_gmt":"2013-11-13T14:04:22","guid":{"rendered":"http:\/\/www.tacoandco.fr\/?p=2682"},"modified":"2013-11-13T14:05:35","modified_gmt":"2013-11-13T14:05:35","slug":"communication-et-publicite-eco-responsable-la-chambre-de-commerce-et-dindustrie-du-pays-darles-choisit-taco-and-co","status":"publish","type":"post","link":"https:\/\/www.tacoandco.fr\/en\/blog\/2013\/11\/13\/communication-et-publicite-eco-responsable-la-chambre-de-commerce-et-dindustrie-du-pays-darles-choisit-taco-and-co\/","title":{"rendered":"Communication et publicit\u00e9 \u00e9co-responsable sur Arles et Aix en Provence: La Chambre de commerce et d&rsquo;industrie du pays d&rsquo;Arles choisit Taco and Co"},"content":{"rendered":"<p>La Chambre de commerce et d&rsquo;industrie du pays d&rsquo;Arles a choisit d&rsquo;effectuer une \u00a0campagne de communication \u00e9co-responsable \u00e0 Arles et Aix en Provence avec Taco and Co pour annoncer \u00a0Provence Prestige 2013.<\/p>\n<p>Merci \u00e0 la CCI de nous renouveler sa confiance chaque ann\u00e9e en nous demandant de prendre en charge la publicit\u00e9 de son salon Provence Prestige dans les zones pi\u00e9tonnes et urbaines d&rsquo;Arles et d&rsquo;Aix en Provence.<\/p>\n<p>La 20\u00e8me \u00e9dition du salon Provence Prestige aura donc lieu du 21 au 25 Novembre 2013 au Palais des congr\u00e8s d&rsquo; Arles.<\/p>\n<p>Des cal\u00e8ches et des v\u00e9lo taco vous transporteront gratuitement pendant toute la dur\u00e9e du salon de 10h \u00e0 19h.<\/p>\n<p>Toutes les informations sur:\u00a0<a href=\"http:\/\/www.provenceprestige.com\/\">http:\/\/www.provenceprestige.com\/<\/a><\/p>\n<figure id=\"attachment_2684\" aria-describedby=\"caption-attachment-2684\" style=\"width: 800px\" class=\"wp-caption aligncenter\"><a href=\"http:\/\/www.tacoandco.fr\/wp-content\/uploads\/2013\/11\/PP2013-Aix-Copier.jpg\"><img fetchpriority=\"high\" decoding=\"async\" class=\"size-full wp-image-2684\" alt=\"PP2013 Communication Aix\" src=\"http:\/\/www.tacoandco.fr\/wp-content\/uploads\/2013\/11\/PP2013-Aix-Copier.jpg\" width=\"800\" height=\"598\" \/><\/a><figcaption id=\"caption-attachment-2684\" class=\"wp-caption-text\">PP2013 Communication Aix en Provence<\/figcaption><\/figure>\n<figure id=\"attachment_2683\" aria-describedby=\"caption-attachment-2683\" style=\"width: 800px\" class=\"wp-caption aligncenter\"><a href=\"http:\/\/www.tacoandco.fr\/wp-content\/uploads\/2013\/11\/Campagne-Provence-Prestige-2013-\u00e0-Aix-en-Provence-Copier.jpg\"><img decoding=\"async\" class=\"size-full wp-image-2683\" alt=\"Campagne de communication \u00e9cologique pour Provence Prestige 2013 \u00e0 Aix en Provence\" src=\"http:\/\/www.tacoandco.fr\/wp-content\/uploads\/2013\/11\/Campagne-Provence-Prestige-2013-\u00e0-Aix-en-Provence-Copier.jpg\" width=\"800\" height=\"598\" srcset=\"https:\/\/www.tacoandco.fr\/wp-content\/uploads\/2013\/11\/Campagne-Provence-Prestige-2013-\u00e0-Aix-en-Provence-Copier.jpg 800w, https:\/\/www.tacoandco.fr\/wp-content\/uploads\/2013\/11\/Campagne-Provence-Prestige-2013-\u00e0-Aix-en-Provence-Copier-300x224.jpg 300w\" sizes=\"(max-width: 800px) 100vw, 800px\" \/><\/a><figcaption id=\"caption-attachment-2683\" class=\"wp-caption-text\">Campagne de communication \u00e9cologique pour Provence Prestige 2013 \u00e0 Aix en Provence<\/figcaption><\/figure>\n<figure id=\"attachment_2673\" aria-describedby=\"caption-attachment-2673\" style=\"width: 461px\" class=\"wp-caption aligncenter\"><a href=\"http:\/\/www.tacoandco.fr\/wp-content\/uploads\/2013\/11\/Provence-Prestige-2013-\u00e0-Arles-Copier.jpg\"><img decoding=\"async\" class=\"size-full wp-image-2673\" alt=\"Provence Prestige 2013 \u00e0 Arles\" src=\"http:\/\/www.tacoandco.fr\/wp-content\/uploads\/2013\/11\/Provence-Prestige-2013-\u00e0-Arles-Copier.jpg\" width=\"461\" height=\"768\" srcset=\"https:\/\/www.tacoandco.fr\/wp-content\/uploads\/2013\/11\/Provence-Prestige-2013-\u00e0-Arles-Copier.jpg 461w, https:\/\/www.tacoandco.fr\/wp-content\/uploads\/2013\/11\/Provence-Prestige-2013-\u00e0-Arles-Copier-180x300.jpg 180w\" sizes=\"(max-width: 461px) 100vw, 461px\" \/><\/a><figcaption id=\"caption-attachment-2673\" class=\"wp-caption-text\">Provence Prestige 2013 \u00e0 Arles<\/figcaption><\/figure>\n<p>&nbsp;<\/p>\n<figure id=\"attachment_2654\" aria-describedby=\"caption-attachment-2654\" style=\"width: 400px\" class=\"wp-caption aligncenter\"><a href=\"http:\/\/www.tacoandco.fr\/wp-content\/uploads\/2013\/11\/Provenc-Prestige-2013.jpg\"><img loading=\"lazy\" decoding=\"async\" class=\"size-full wp-image-2654\" alt=\"Provence Prestige 2013\" src=\"http:\/\/www.tacoandco.fr\/wp-content\/uploads\/2013\/11\/Provenc-Prestige-2013.jpg\" width=\"400\" height=\"600\" srcset=\"https:\/\/www.tacoandco.fr\/wp-content\/uploads\/2013\/11\/Provenc-Prestige-2013.jpg 400w, https:\/\/www.tacoandco.fr\/wp-content\/uploads\/2013\/11\/Provenc-Prestige-2013-200x300.jpg 200w\" sizes=\"(max-width: 400px) 100vw, 400px\" \/><\/a><figcaption id=\"caption-attachment-2654\" class=\"wp-caption-text\">Provence Prestige 2013<\/figcaption><\/figure>\n<figure id=\"attachment_2655\" aria-describedby=\"caption-attachment-2655\" style=\"width: 400px\" class=\"wp-caption aligncenter\"><a href=\"http:\/\/www.tacoandco.fr\/wp-content\/uploads\/2013\/11\/PP2013.jpg\"><img loading=\"lazy\" decoding=\"async\" class=\"size-full wp-image-2655\" alt=\"Provence Prestige du 21 au 25 Novembre 2013 \u00e0 Arles\" src=\"http:\/\/www.tacoandco.fr\/wp-content\/uploads\/2013\/11\/PP2013.jpg\" width=\"400\" height=\"600\" srcset=\"https:\/\/www.tacoandco.fr\/wp-content\/uploads\/2013\/11\/PP2013.jpg 400w, https:\/\/www.tacoandco.fr\/wp-content\/uploads\/2013\/11\/PP2013-200x300.jpg 200w\" sizes=\"(max-width: 400px) 100vw, 400px\" \/><\/a><figcaption id=\"caption-attachment-2655\" class=\"wp-caption-text\">Provence Prestige du 21 au 25 Novembre 2013 \u00e0 Arles<\/figcaption><\/figure>\n<p>&nbsp;<\/p>\n<p>&nbsp;<\/p>","protected":false},"excerpt":{"rendered":"<p>La Chambre de commerce et d&rsquo;industrie du pays d&rsquo;Arles a choisit d&rsquo;effectuer une \u00a0campagne de communication \u00e9co-responsable \u00e0 Arles et Aix en Provence avec Taco and Co pour annoncer \u00a0Provence Prestige 2013. Merci \u00e0 la CCI de nous renouveler sa confiance chaque ann\u00e9e en nous demandant de prendre en charge la publicit\u00e9 de son salon [&hellip;]<\/p>","protected":false},"author":2,"featured_media":0,"comment_status":"closed","ping_status":"closed","sticky":false,"template":"","format":"standard","meta":{"footnotes":""},"categories":[4,3,11,10],"tags":[],"class_list":["post-2682","post","type-post","status-publish","format-standard","hentry","category-accueil","category-actualites","category-ilsnousontfaitconfiance","category-collectivites","entry"],"aioseo_notices":[],"_links":{"self":[{"href":"https:\/\/www.tacoandco.fr\/en\/wp-json\/wp\/v2\/posts\/2682","targetHints":{"allow":["GET"]}}],"collection":[{"href":"https:\/\/www.tacoandco.fr\/en\/wp-json\/wp\/v2\/posts"}],"about":[{"href":"https:\/\/www.tacoandco.fr\/en\/wp-json\/wp\/v2\/types\/post"}],"author":[{"embeddable":true,"href":"https:\/\/www.tacoandco.fr\/en\/wp-json\/wp\/v2\/users\/2"}],"replies":[{"embeddable":true,"href":"https:\/\/www.tacoandco.fr\/en\/wp-json\/wp\/v2\/comments?post=2682"}],"version-history":[{"count":3,"href":"https:\/\/www.tacoandco.fr\/en\/wp-json\/wp\/v2\/posts\/2682\/revisions"}],"predecessor-version":[{"id":2687,"href":"https:\/\/www.tacoandco.fr\/en\/wp-json\/wp\/v2\/posts\/2682\/revisions\/2687"}],"wp:attachment":[{"href":"https:\/\/www.tacoandco.fr\/en\/wp-json\/wp\/v2\/media?parent=2682"}],"wp:term":[{"taxonomy":"category","embeddable":true,"href":"https:\/\/www.tacoandco.fr\/en\/wp-json\/wp\/v2\/categories?post=2682"},{"taxonomy":"post_tag","embeddable":true,"href":"https:\/\/www.tacoandco.fr\/en\/wp-json\/wp\/v2\/tags?post=2682"}],"curies":[{"name":"wp","href":"https:\/\/api.w.org\/{rel}","templated":true}]}}