{"id":2803,"date":"2014-02-20T15:42:42","date_gmt":"2014-02-20T15:42:42","guid":{"rendered":"http:\/\/www.tacoandco.fr\/?p=2803"},"modified":"2014-02-20T15:43:37","modified_gmt":"2014-02-20T15:43:37","slug":"le-revivre-des-suds-a-arles-samedi-01-mars-2014","status":"publish","type":"post","link":"https:\/\/www.tacoandco.fr\/en\/blog\/2014\/02\/20\/le-revivre-des-suds-a-arles-samedi-01-mars-2014\/","title":{"rendered":"Le Revivre des Suds \u00e0 Arles, samedi 01 Mars 2014."},"content":{"rendered":"<p>Le festival \u00a0\u00bb Les Suds \u00e0 Arles\u00a0\u00bb organise son traditionnel Revivre le samedi 01 Mars 2014.<\/p>\n<p>Le Revivre des Suds est un rituel festif, au coeur de l&rsquo;hiver et entre deux \u00e9ditions du festival, permettant \u00e0 tous les amoureux de musique du Monde de se retrouver en musique et dans la bonne humeur.<\/p>\n<p>Au programme du Revivre des Suds 2014 qui aura lieu le 01 Mars :<\/p>\n<p>Moussu T e lei jovents \u00a0\u00e0 \u00e9couter au MDAA et \u00e0 la Salle des f\u00eates, une Pa\u00eblla \u00e0 d\u00e9guster entres amis et une After avec DJ&rsquo;S PUTA PUTA.<\/p>\n<p>Venez nombreux!!!!!!!<\/p>\n<p>Infos et r\u00e9servations sur:\u00a0<a title=\"http:\/\/www.suds-arles.com\/\" href=\"http:\/\/www.suds-arles.com\/\" target=\"_blank\">http:\/\/www.suds-arles.com\/<\/a><\/p>\n<figure id=\"attachment_2804\" aria-describedby=\"caption-attachment-2804\" style=\"width: 169px\" class=\"wp-caption aligncenter\"><a href=\"http:\/\/www.tacoandco.fr\/wp-content\/uploads\/2014\/02\/Le-revivre-des-Suds-\u00e0-Arles-2-Copier.jpg\"><img fetchpriority=\"high\" decoding=\"async\" class=\"size-medium wp-image-2804\" alt=\"Le revivre des Suds \u00e0 Arles\" src=\"http:\/\/www.tacoandco.fr\/wp-content\/uploads\/2014\/02\/Le-revivre-des-Suds-\u00e0-Arles-2-Copier-169x300.jpg\" width=\"169\" height=\"300\" srcset=\"https:\/\/www.tacoandco.fr\/wp-content\/uploads\/2014\/02\/Le-revivre-des-Suds-\u00e0-Arles-2-Copier-169x300.jpg 169w, https:\/\/www.tacoandco.fr\/wp-content\/uploads\/2014\/02\/Le-revivre-des-Suds-\u00e0-Arles-2-Copier.jpg 338w\" sizes=\"(max-width: 169px) 100vw, 169px\" \/><\/a><figcaption id=\"caption-attachment-2804\" class=\"wp-caption-text\">Le revivre des Suds \u00e0 Arles<\/figcaption><\/figure>\n<figure id=\"attachment_2805\" aria-describedby=\"caption-attachment-2805\" style=\"width: 169px\" class=\"wp-caption aligncenter\"><a href=\"http:\/\/www.tacoandco.fr\/wp-content\/uploads\/2014\/02\/Le-revivre-des-Suds-\u00e0-Arles-1-Copier.jpg\"><img decoding=\"async\" class=\"size-medium wp-image-2805\" alt=\"Le revivre des Suds \u00e0 Arles \" src=\"http:\/\/www.tacoandco.fr\/wp-content\/uploads\/2014\/02\/Le-revivre-des-Suds-\u00e0-Arles-1-Copier-169x300.jpg\" width=\"169\" height=\"300\" srcset=\"https:\/\/www.tacoandco.fr\/wp-content\/uploads\/2014\/02\/Le-revivre-des-Suds-\u00e0-Arles-1-Copier-169x300.jpg 169w, https:\/\/www.tacoandco.fr\/wp-content\/uploads\/2014\/02\/Le-revivre-des-Suds-\u00e0-Arles-1-Copier.jpg 338w\" sizes=\"(max-width: 169px) 100vw, 169px\" \/><\/a><figcaption id=\"caption-attachment-2805\" class=\"wp-caption-text\">Le revivre des Suds \u00e0 Arles<\/figcaption><\/figure>\n<p>&nbsp;<\/p>\n<p>&nbsp;<\/p>\n<p>&nbsp;<\/p>","protected":false},"excerpt":{"rendered":"<p>Le festival \u00a0\u00bb Les Suds \u00e0 Arles\u00a0\u00bb organise son traditionnel Revivre le samedi 01 Mars 2014. Le Revivre des Suds est un rituel festif, au coeur de l&rsquo;hiver et entre deux \u00e9ditions du festival, permettant \u00e0 tous les amoureux de musique du Monde de se retrouver en musique et dans la bonne humeur. Au programme [&hellip;]<\/p>","protected":false},"author":2,"featured_media":2804,"comment_status":"closed","ping_status":"closed","sticky":false,"template":"","format":"standard","meta":{"footnotes":""},"categories":[4,3],"tags":[],"class_list":["post-2803","post","type-post","status-publish","format-standard","has-post-thumbnail","hentry","category-accueil","category-actualites","entry","has-media"],"aioseo_notices":[],"_links":{"self":[{"href":"https:\/\/www.tacoandco.fr\/en\/wp-json\/wp\/v2\/posts\/2803","targetHints":{"allow":["GET"]}}],"collection":[{"href":"https:\/\/www.tacoandco.fr\/en\/wp-json\/wp\/v2\/posts"}],"about":[{"href":"https:\/\/www.tacoandco.fr\/en\/wp-json\/wp\/v2\/types\/post"}],"author":[{"embeddable":true,"href":"https:\/\/www.tacoandco.fr\/en\/wp-json\/wp\/v2\/users\/2"}],"replies":[{"embeddable":true,"href":"https:\/\/www.tacoandco.fr\/en\/wp-json\/wp\/v2\/comments?post=2803"}],"version-history":[{"count":2,"href":"https:\/\/www.tacoandco.fr\/en\/wp-json\/wp\/v2\/posts\/2803\/revisions"}],"predecessor-version":[{"id":2807,"href":"https:\/\/www.tacoandco.fr\/en\/wp-json\/wp\/v2\/posts\/2803\/revisions\/2807"}],"wp:featuredmedia":[{"embeddable":true,"href":"https:\/\/www.tacoandco.fr\/en\/wp-json\/wp\/v2\/media\/2804"}],"wp:attachment":[{"href":"https:\/\/www.tacoandco.fr\/en\/wp-json\/wp\/v2\/media?parent=2803"}],"wp:term":[{"taxonomy":"category","embeddable":true,"href":"https:\/\/www.tacoandco.fr\/en\/wp-json\/wp\/v2\/categories?post=2803"},{"taxonomy":"post_tag","embeddable":true,"href":"https:\/\/www.tacoandco.fr\/en\/wp-json\/wp\/v2\/tags?post=2803"}],"curies":[{"name":"wp","href":"https:\/\/api.w.org\/{rel}","templated":true}]}}