{"id":2871,"date":"2014-04-11T06:23:30","date_gmt":"2014-04-11T06:23:30","guid":{"rendered":"http:\/\/www.tacoandco.fr\/?p=2871"},"modified":"2014-04-11T06:23:30","modified_gmt":"2014-04-11T06:23:30","slug":"campagne-de-communication-sur-arles-la-fondation-vincent-van-gogh-choisit-taco-and-co","status":"publish","type":"post","link":"https:\/\/www.tacoandco.fr\/en\/blog\/2014\/04\/11\/campagne-de-communication-sur-arles-la-fondation-vincent-van-gogh-choisit-taco-and-co\/","title":{"rendered":"Campagne de communication sur Arles: La Fondation Vincent Van Gogh choisit Taco and Co"},"content":{"rendered":"<p>La Fondation Vincent Van Gogh a choisit Taco and Co comme partenaire de communication sur Arles pour sa programmation 2014.<\/p>\n<p>Merci \u00e0 eux,<\/p>\n<p>Je vous rappelle que la Fondation Vincent Van Gogh vient d&rsquo;ouvrir ses portes rue du Docteur Fanton \u00e0 Arles et que l&rsquo;exposition inaugurale Van Gogh Live ! est \u00e0 venir d\u00e9couvrir jusqu&rsquo;au 31 Ao\u00fbt 2014.<\/p>\n<p>Plus de renseignements sur:\u00a0<a title=\"http:\/\/www.fondation-vincentvangogh-arles.org\/\" href=\"http:\/\/www.fondation-vincentvangogh-arles.org\/\" target=\"_blank\">http:\/\/www.fondation-vincentvangogh-arles.org\/<\/a><\/p>\n<figure id=\"attachment_2872\" aria-describedby=\"caption-attachment-2872\" style=\"width: 1024px\" class=\"wp-caption aligncenter\"><a href=\"http:\/\/www.tacoandco.fr\/wp-content\/uploads\/2014\/04\/Fondation-Vincent-Van-Gogh-\u00e0-Arles-2.jpg\"><img fetchpriority=\"high\" decoding=\"async\" class=\"size-large wp-image-2872\" alt=\"Fondation Vincent Van Gogh \u00e0 Arles\" src=\"http:\/\/www.tacoandco.fr\/wp-content\/uploads\/2014\/04\/Fondation-Vincent-Van-Gogh-\u00e0-Arles-2-1024x576.jpg\" width=\"1024\" height=\"576\" srcset=\"https:\/\/www.tacoandco.fr\/wp-content\/uploads\/2014\/04\/Fondation-Vincent-Van-Gogh-\u00e0-Arles-2-1024x576.jpg 1024w, https:\/\/www.tacoandco.fr\/wp-content\/uploads\/2014\/04\/Fondation-Vincent-Van-Gogh-\u00e0-Arles-2-300x168.jpg 300w, https:\/\/www.tacoandco.fr\/wp-content\/uploads\/2014\/04\/Fondation-Vincent-Van-Gogh-\u00e0-Arles-2.jpg 1632w\" sizes=\"(max-width: 1024px) 100vw, 1024px\" \/><\/a><figcaption id=\"caption-attachment-2872\" class=\"wp-caption-text\">Fondation Vincent Van Gogh \u00e0 Arles<\/figcaption><\/figure>\n<p>&nbsp;<\/p>\n<p>&nbsp;<\/p>\n<figure id=\"attachment_2873\" aria-describedby=\"caption-attachment-2873\" style=\"width: 800px\" class=\"wp-caption aligncenter\"><a href=\"http:\/\/www.tacoandco.fr\/wp-content\/uploads\/2014\/04\/Fondation-Van-Gogh-rue-Docteur-Fanton-Arles-Copier.jpg\"><img decoding=\"async\" class=\"size-full wp-image-2873\" alt=\"Fondation Van Gogh, rue Docteur Fanton ,Arles \" src=\"http:\/\/www.tacoandco.fr\/wp-content\/uploads\/2014\/04\/Fondation-Van-Gogh-rue-Docteur-Fanton-Arles-Copier.jpg\" width=\"800\" height=\"211\" srcset=\"https:\/\/www.tacoandco.fr\/wp-content\/uploads\/2014\/04\/Fondation-Van-Gogh-rue-Docteur-Fanton-Arles-Copier.jpg 800w, https:\/\/www.tacoandco.fr\/wp-content\/uploads\/2014\/04\/Fondation-Van-Gogh-rue-Docteur-Fanton-Arles-Copier-300x79.jpg 300w\" sizes=\"(max-width: 800px) 100vw, 800px\" \/><\/a><figcaption id=\"caption-attachment-2873\" class=\"wp-caption-text\">Fondation Van Gogh, rue Docteur Fanton ,Arles<\/figcaption><\/figure>\n<p>&nbsp;<\/p>\n<figure id=\"attachment_2874\" aria-describedby=\"caption-attachment-2874\" style=\"width: 800px\" class=\"wp-caption aligncenter\"><a href=\"http:\/\/www.tacoandco.fr\/wp-content\/uploads\/2014\/04\/Fondation-Van-Gogh-Copier.jpg\"><img decoding=\"async\" class=\"size-full wp-image-2874\" alt=\"Van Gogh Live!!\" src=\"http:\/\/www.tacoandco.fr\/wp-content\/uploads\/2014\/04\/Fondation-Van-Gogh-Copier.jpg\" width=\"800\" height=\"450\" srcset=\"https:\/\/www.tacoandco.fr\/wp-content\/uploads\/2014\/04\/Fondation-Van-Gogh-Copier.jpg 800w, https:\/\/www.tacoandco.fr\/wp-content\/uploads\/2014\/04\/Fondation-Van-Gogh-Copier-300x168.jpg 300w\" sizes=\"(max-width: 800px) 100vw, 800px\" \/><\/a><figcaption id=\"caption-attachment-2874\" class=\"wp-caption-text\">Van Gogh Live!!<\/figcaption><\/figure>\n<p>&nbsp;<\/p>\n<p>&nbsp;<\/p>","protected":false},"excerpt":{"rendered":"<p>La Fondation Vincent Van Gogh a choisit Taco and Co comme partenaire de communication sur Arles pour sa programmation 2014. Merci \u00e0 eux, Je vous rappelle que la Fondation Vincent Van Gogh vient d&rsquo;ouvrir ses portes rue du Docteur Fanton \u00e0 Arles et que l&rsquo;exposition inaugurale Van Gogh Live ! est \u00e0 venir d\u00e9couvrir jusqu&rsquo;au [&hellip;]<\/p>","protected":false},"author":2,"featured_media":2872,"comment_status":"closed","ping_status":"closed","sticky":false,"template":"","format":"standard","meta":{"footnotes":""},"categories":[4,3,11,12],"tags":[],"class_list":["post-2871","post","type-post","status-publish","format-standard","has-post-thumbnail","hentry","category-accueil","category-actualites","category-ilsnousontfaitconfiance","category-associations","entry","has-media"],"aioseo_notices":[],"_links":{"self":[{"href":"https:\/\/www.tacoandco.fr\/en\/wp-json\/wp\/v2\/posts\/2871","targetHints":{"allow":["GET"]}}],"collection":[{"href":"https:\/\/www.tacoandco.fr\/en\/wp-json\/wp\/v2\/posts"}],"about":[{"href":"https:\/\/www.tacoandco.fr\/en\/wp-json\/wp\/v2\/types\/post"}],"author":[{"embeddable":true,"href":"https:\/\/www.tacoandco.fr\/en\/wp-json\/wp\/v2\/users\/2"}],"replies":[{"embeddable":true,"href":"https:\/\/www.tacoandco.fr\/en\/wp-json\/wp\/v2\/comments?post=2871"}],"version-history":[{"count":1,"href":"https:\/\/www.tacoandco.fr\/en\/wp-json\/wp\/v2\/posts\/2871\/revisions"}],"predecessor-version":[{"id":2875,"href":"https:\/\/www.tacoandco.fr\/en\/wp-json\/wp\/v2\/posts\/2871\/revisions\/2875"}],"wp:featuredmedia":[{"embeddable":true,"href":"https:\/\/www.tacoandco.fr\/en\/wp-json\/wp\/v2\/media\/2872"}],"wp:attachment":[{"href":"https:\/\/www.tacoandco.fr\/en\/wp-json\/wp\/v2\/media?parent=2871"}],"wp:term":[{"taxonomy":"category","embeddable":true,"href":"https:\/\/www.tacoandco.fr\/en\/wp-json\/wp\/v2\/categories?post=2871"},{"taxonomy":"post_tag","embeddable":true,"href":"https:\/\/www.tacoandco.fr\/en\/wp-json\/wp\/v2\/tags?post=2871"}],"curies":[{"name":"wp","href":"https:\/\/api.w.org\/{rel}","templated":true}]}}