{"id":2878,"date":"2014-04-11T09:13:16","date_gmt":"2014-04-11T09:13:16","guid":{"rendered":"http:\/\/www.tacoandco.fr\/?p=2878"},"modified":"2014-04-11T09:13:16","modified_gmt":"2014-04-11T09:13:16","slug":"la-fondation-vincent-van-gogh-a-arles","status":"publish","type":"post","link":"https:\/\/www.tacoandco.fr\/en\/blog\/2014\/04\/11\/la-fondation-vincent-van-gogh-a-arles\/","title":{"rendered":"La Fondation Vincent Van Gogh \u00e0 Arles"},"content":{"rendered":"<p>La Fondation Vincent van Gogh est situ\u00e9 dans un magnifique h\u00f4tel particulier du XV\u00e8me si\u00e8cle enti\u00e8rement r\u00e9nov\u00e9, au 35 ter rue du docteur Fanton \u00e0 Arles.<\/p>\n<p>La Fondation Vincent Van Gogh sera un lieu dynamique d&rsquo;\u00e9changes quant au lien ind\u00e9fectible qui unit l<span style=\"color: #000000\">\u2019<\/span>\u0153uvre de Van Gogh \u00e0 la ville d<span style=\"color: #000000\">\u2019<\/span>Arles, ainsi qu\u2019un espace propice \u00e0 l&rsquo;art contemporain.<\/p>\n<p>Vous y trouverez tout au long de l&rsquo;ann\u00e9e des expositions d&rsquo;art contemporain temporaires ainsi que \u00a0des tableaux de ma\u00eetres.<\/p>\n<p>L&rsquo;exposition inaugurale de la fondation, \u00ab Van Gogh Live ! \u00bb, est ainsi d\u00e9coup\u00e9e en deux parties radicalement diff\u00e9rentes : la premi\u00e8re traite de Van Gogh et de la couleur, avec des \u0153uvres des artistes de son \u00e9poque ainsi que 8 tableaux de Van Gogh. Dans l&rsquo;autre, des artistes contemporains tels que Thomas Hirschhorn ou Camille Henrot exposent leurs rapports avec Van Gogh .<\/p>\n<p>L&rsquo;exposition Van Gogh Live!!! se d\u00e9roulera jusqu&rsquo;au 31 Ao\u00fbt 2014.<\/p>\n<p>Toutes les informations utiles sur la fondation sur:<a title=\"http:\/\/www.fondation-vincentvangogh-arles.org\/\" href=\"http:\/\/www.fondation-vincentvangogh-arles.org\/\" target=\"_blank\">\u00a0http:\/\/www.fondation-vincentvangogh-arles.org\/<\/a><\/p>\n<figure id=\"attachment_2873\" aria-describedby=\"caption-attachment-2873\" style=\"width: 800px\" class=\"wp-caption aligncenter\"><a href=\"http:\/\/www.tacoandco.fr\/wp-content\/uploads\/2014\/04\/Fondation-Van-Gogh-rue-Docteur-Fanton-Arles-Copier.jpg\"><img fetchpriority=\"high\" decoding=\"async\" class=\"size-full wp-image-2873\" alt=\"Fondation Van Gogh, rue Docteur Fanton ,Arles\" src=\"http:\/\/www.tacoandco.fr\/wp-content\/uploads\/2014\/04\/Fondation-Van-Gogh-rue-Docteur-Fanton-Arles-Copier.jpg\" width=\"800\" height=\"211\" srcset=\"https:\/\/www.tacoandco.fr\/wp-content\/uploads\/2014\/04\/Fondation-Van-Gogh-rue-Docteur-Fanton-Arles-Copier.jpg 800w, https:\/\/www.tacoandco.fr\/wp-content\/uploads\/2014\/04\/Fondation-Van-Gogh-rue-Docteur-Fanton-Arles-Copier-300x79.jpg 300w\" sizes=\"(max-width: 800px) 100vw, 800px\" \/><\/a><figcaption id=\"caption-attachment-2873\" class=\"wp-caption-text\">Fondation Van Gogh, rue Docteur Fanton ,Arles<\/figcaption><\/figure>\n<p>&nbsp;<\/p>\n<figure id=\"attachment_2872\" aria-describedby=\"caption-attachment-2872\" style=\"width: 1024px\" class=\"wp-caption aligncenter\"><a href=\"http:\/\/www.tacoandco.fr\/wp-content\/uploads\/2014\/04\/Fondation-Vincent-Van-Gogh-\u00e0-Arles-2.jpg\"><img decoding=\"async\" class=\"size-large wp-image-2872\" alt=\"Fondation Vincent Van Gogh \u00e0 Arles\" src=\"http:\/\/www.tacoandco.fr\/wp-content\/uploads\/2014\/04\/Fondation-Vincent-Van-Gogh-\u00e0-Arles-2-1024x576.jpg\" width=\"1024\" height=\"576\" srcset=\"https:\/\/www.tacoandco.fr\/wp-content\/uploads\/2014\/04\/Fondation-Vincent-Van-Gogh-\u00e0-Arles-2-1024x576.jpg 1024w, https:\/\/www.tacoandco.fr\/wp-content\/uploads\/2014\/04\/Fondation-Vincent-Van-Gogh-\u00e0-Arles-2-300x168.jpg 300w, https:\/\/www.tacoandco.fr\/wp-content\/uploads\/2014\/04\/Fondation-Vincent-Van-Gogh-\u00e0-Arles-2.jpg 1632w\" sizes=\"(max-width: 1024px) 100vw, 1024px\" \/><\/a><figcaption id=\"caption-attachment-2872\" class=\"wp-caption-text\">Fondation Vincent Van Gogh \u00e0 Arles<\/figcaption><\/figure>\n<p>&nbsp;<\/p>","protected":false},"excerpt":{"rendered":"<p>La Fondation Vincent van Gogh est situ\u00e9 dans un magnifique h\u00f4tel particulier du XV\u00e8me si\u00e8cle enti\u00e8rement r\u00e9nov\u00e9, au 35 ter rue du docteur Fanton \u00e0 Arles. La Fondation Vincent Van Gogh sera un lieu dynamique d&rsquo;\u00e9changes quant au lien ind\u00e9fectible qui unit l\u2019\u0153uvre de Van Gogh \u00e0 la ville d\u2019Arles, ainsi qu\u2019un espace propice \u00e0 [&hellip;]<\/p>","protected":false},"author":2,"featured_media":2872,"comment_status":"closed","ping_status":"closed","sticky":false,"template":"","format":"standard","meta":{"footnotes":""},"categories":[3,16,18,15],"tags":[],"class_list":["post-2878","post","type-post","status-publish","format-standard","has-post-thumbnail","hentry","category-actualites","category-agendaarles","category-lespartenaires","category-liensutiles","entry","has-media"],"aioseo_notices":[],"_links":{"self":[{"href":"https:\/\/www.tacoandco.fr\/en\/wp-json\/wp\/v2\/posts\/2878","targetHints":{"allow":["GET"]}}],"collection":[{"href":"https:\/\/www.tacoandco.fr\/en\/wp-json\/wp\/v2\/posts"}],"about":[{"href":"https:\/\/www.tacoandco.fr\/en\/wp-json\/wp\/v2\/types\/post"}],"author":[{"embeddable":true,"href":"https:\/\/www.tacoandco.fr\/en\/wp-json\/wp\/v2\/users\/2"}],"replies":[{"embeddable":true,"href":"https:\/\/www.tacoandco.fr\/en\/wp-json\/wp\/v2\/comments?post=2878"}],"version-history":[{"count":1,"href":"https:\/\/www.tacoandco.fr\/en\/wp-json\/wp\/v2\/posts\/2878\/revisions"}],"predecessor-version":[{"id":2879,"href":"https:\/\/www.tacoandco.fr\/en\/wp-json\/wp\/v2\/posts\/2878\/revisions\/2879"}],"wp:featuredmedia":[{"embeddable":true,"href":"https:\/\/www.tacoandco.fr\/en\/wp-json\/wp\/v2\/media\/2872"}],"wp:attachment":[{"href":"https:\/\/www.tacoandco.fr\/en\/wp-json\/wp\/v2\/media?parent=2878"}],"wp:term":[{"taxonomy":"category","embeddable":true,"href":"https:\/\/www.tacoandco.fr\/en\/wp-json\/wp\/v2\/categories?post=2878"},{"taxonomy":"post_tag","embeddable":true,"href":"https:\/\/www.tacoandco.fr\/en\/wp-json\/wp\/v2\/tags?post=2878"}],"curies":[{"name":"wp","href":"https:\/\/api.w.org\/{rel}","templated":true}]}}