{"id":2880,"date":"2014-04-11T08:45:10","date_gmt":"2014-04-11T08:45:10","guid":{"rendered":"http:\/\/www.tacoandco.fr\/?p=2880"},"modified":"2014-04-11T09:26:31","modified_gmt":"2014-04-11T09:26:31","slug":"j-7-avant-la-feria-de-paques-2014-a-arles-qui-aura-lieu-du-18-au-21-avril-voici-le-programme","status":"publish","type":"post","link":"https:\/\/www.tacoandco.fr\/en\/blog\/2014\/04\/11\/j-7-avant-la-feria-de-paques-2014-a-arles-qui-aura-lieu-du-18-au-21-avril-voici-le-programme\/","title":{"rendered":"J-7 avant la Feria de P\u00e2ques 2014 \u00e0 Arles qui aura lieu du 18 au 21 Avril: Voici le programme!!"},"content":{"rendered":"<p>J-7 avant l&rsquo;ouverture de la temporada 2014, la Feria de P\u00e2ques aura lieu du 18 au 21 Avril 2014 \u00e0 Arles.<\/p>\n<p>Voici le programme de la Feria de p\u00e2ques \u00e0 Arles :<a title=\"http:\/\/www.feriaarles.com\/\" href=\"http:\/\/www.feriaarles.com\/\" target=\"_blank\">http:\/\/www.feriaarles.com\/<\/a><\/p>\n<p>A cette occasion et pour que vous puissiez profiter de la f\u00eate jusqu&rsquo;au bout de la nuit, ENVIA met \u00e0 votre disposition des bus gratuits pour rentrer \u00e0 votre domicile.<\/p>\n<p>Au d\u00e9part de Gabriel P\u00e9ri, \u00e0 00h 01h30 et 03h00, des navettes partiront vers Saint Martin de Crau, Mas Thibert, Tarascon&#8230;<\/p>\n<p>Toutes les informations sur:<a title=\"http:\/\/www.tout-envia.com\/\" href=\"http:\/\/www.tout-envia.com\/\" target=\"_blank\">http:\/\/www.tout-envia.com\/\u00a0<\/a><\/p>\n<p>Bonne Feria \u00e0 tous!!!<\/p>\n<figure id=\"attachment_2861\" aria-describedby=\"caption-attachment-2861\" style=\"width: 400px\" class=\"wp-caption aligncenter\"><a href=\"http:\/\/www.tacoandco.fr\/wp-content\/uploads\/2014\/04\/Bus-nocturne-gratuit-ENVIA-f\u00e9ria-P\u00e2ques-2014.jpg\"><img fetchpriority=\"high\" decoding=\"async\" class=\"size-full wp-image-2861\" alt=\"Bus nocturne gratuit ENVIA f\u00e9ria P\u00e2ques 2014\" src=\"http:\/\/www.tacoandco.fr\/wp-content\/uploads\/2014\/04\/Bus-nocturne-gratuit-ENVIA-f\u00e9ria-P\u00e2ques-2014.jpg\" width=\"400\" height=\"600\" srcset=\"https:\/\/www.tacoandco.fr\/wp-content\/uploads\/2014\/04\/Bus-nocturne-gratuit-ENVIA-f\u00e9ria-P\u00e2ques-2014.jpg 400w, https:\/\/www.tacoandco.fr\/wp-content\/uploads\/2014\/04\/Bus-nocturne-gratuit-ENVIA-f\u00e9ria-P\u00e2ques-2014-200x300.jpg 200w\" sizes=\"(max-width: 400px) 100vw, 400px\" \/><\/a><figcaption id=\"caption-attachment-2861\" class=\"wp-caption-text\">Bus nocturne gratuit ENVIA f\u00e9ria P\u00e2ques 2014<\/figcaption><\/figure>\n<p>&nbsp;<\/p>\n<table width=\"800\" border=\"0\" cellspacing=\"0\" cellpadding=\"0\">\n<tbody>\n<tr>\n<td valign=\"top\" width=\"582\"><\/td>\n<\/tr>\n<\/tbody>\n<\/table>","protected":false},"excerpt":{"rendered":"<p>J-7 avant l&rsquo;ouverture de la temporada 2014, la Feria de P\u00e2ques aura lieu du 18 au 21 Avril 2014 \u00e0 Arles. Voici le programme de la Feria de p\u00e2ques \u00e0 Arles :http:\/\/www.feriaarles.com\/ A cette occasion et pour que vous puissiez profiter de la f\u00eate jusqu&rsquo;au bout de la nuit, ENVIA met \u00e0 votre disposition des [&hellip;]<\/p>","protected":false},"author":2,"featured_media":2861,"comment_status":"closed","ping_status":"closed","sticky":false,"template":"","format":"standard","meta":{"footnotes":""},"categories":[4,3,16,17,15,22],"tags":[],"class_list":["post-2880","post","type-post","status-publish","format-standard","has-post-thumbnail","hentry","category-accueil","category-actualites","category-agendaarles","category-bonnesadresses","category-liensutiles","category-ousortir","entry","has-media"],"aioseo_notices":[],"_links":{"self":[{"href":"https:\/\/www.tacoandco.fr\/en\/wp-json\/wp\/v2\/posts\/2880","targetHints":{"allow":["GET"]}}],"collection":[{"href":"https:\/\/www.tacoandco.fr\/en\/wp-json\/wp\/v2\/posts"}],"about":[{"href":"https:\/\/www.tacoandco.fr\/en\/wp-json\/wp\/v2\/types\/post"}],"author":[{"embeddable":true,"href":"https:\/\/www.tacoandco.fr\/en\/wp-json\/wp\/v2\/users\/2"}],"replies":[{"embeddable":true,"href":"https:\/\/www.tacoandco.fr\/en\/wp-json\/wp\/v2\/comments?post=2880"}],"version-history":[{"count":1,"href":"https:\/\/www.tacoandco.fr\/en\/wp-json\/wp\/v2\/posts\/2880\/revisions"}],"predecessor-version":[{"id":2881,"href":"https:\/\/www.tacoandco.fr\/en\/wp-json\/wp\/v2\/posts\/2880\/revisions\/2881"}],"wp:featuredmedia":[{"embeddable":true,"href":"https:\/\/www.tacoandco.fr\/en\/wp-json\/wp\/v2\/media\/2861"}],"wp:attachment":[{"href":"https:\/\/www.tacoandco.fr\/en\/wp-json\/wp\/v2\/media?parent=2880"}],"wp:term":[{"taxonomy":"category","embeddable":true,"href":"https:\/\/www.tacoandco.fr\/en\/wp-json\/wp\/v2\/categories?post=2880"},{"taxonomy":"post_tag","embeddable":true,"href":"https:\/\/www.tacoandco.fr\/en\/wp-json\/wp\/v2\/tags?post=2880"}],"curies":[{"name":"wp","href":"https:\/\/api.w.org\/{rel}","templated":true}]}}