{"id":2886,"date":"2014-04-15T11:54:44","date_gmt":"2014-04-15T11:54:44","guid":{"rendered":"http:\/\/www.tacoandco.fr\/?p=2886"},"modified":"2014-04-17T11:14:28","modified_gmt":"2014-04-17T11:14:28","slug":"feria-de-paques-2014-a-arles-les-bus-gratuits-denvia-pour-le-retour-a-la-maison","status":"publish","type":"post","link":"https:\/\/www.tacoandco.fr\/en\/blog\/2014\/04\/15\/feria-de-paques-2014-a-arles-les-bus-gratuits-denvia-pour-le-retour-a-la-maison\/","title":{"rendered":"F\u00e9ria de P\u00e2ques 2014 \u00e0 Arles: Les bus gratuits d&rsquo;ENVIA pour le retour \u00e0 la maison"},"content":{"rendered":"<p>A l&rsquo;occasion de la f\u00e9ria de P\u00e2ques d&rsquo;Arles et comme pour toute les f\u00e9rias d&rsquo;Arles, ENVIA met en circulation des bus gratuits toute la nuit pour vous ramener chez vous .<\/p>\n<p>Pour que la f\u00eate soit belle jusqu&rsquo;au bout de la nuit, utilisez les bus gratuits d&rsquo;Envia!!!!<\/p>\n<p>Au d\u00e9part de Gabriel P\u00e9ry, \u00e0 00h00, 01h30 et 03h00, retour vers Saint Martin, salin, Mas thibert et tarascon.<\/p>\n<p>Toutes les informations sur: <a title=\"www.tout-envia.com\" href=\"\/en\/www.tout-envia.com\/\" target=\"_blank\">www.tout-envia.com<\/a><\/p>\n<figure id=\"attachment_2887\" aria-describedby=\"caption-attachment-2887\" style=\"width: 800px\" class=\"wp-caption aligncenter\"><a href=\"http:\/\/www.tacoandco.fr\/wp-content\/uploads\/2014\/04\/F\u00e9ria-de-Paques-2014-Arles-Copier.jpg\"><img fetchpriority=\"high\" decoding=\"async\" class=\"size-full wp-image-2887\" alt=\"F\u00e9ria de Paques 2014 Arles \" src=\"http:\/\/www.tacoandco.fr\/wp-content\/uploads\/2014\/04\/F\u00e9ria-de-Paques-2014-Arles-Copier.jpg\" width=\"800\" height=\"276\" srcset=\"https:\/\/www.tacoandco.fr\/wp-content\/uploads\/2014\/04\/F\u00e9ria-de-Paques-2014-Arles-Copier.jpg 800w, https:\/\/www.tacoandco.fr\/wp-content\/uploads\/2014\/04\/F\u00e9ria-de-Paques-2014-Arles-Copier-300x103.jpg 300w\" sizes=\"(max-width: 800px) 100vw, 800px\" \/><\/a><figcaption id=\"caption-attachment-2887\" class=\"wp-caption-text\">F\u00e9ria de Paques 2014 Arles<\/figcaption><\/figure>\n<figure id=\"attachment_2888\" aria-describedby=\"caption-attachment-2888\" style=\"width: 338px\" class=\"wp-caption aligncenter\"><a href=\"http:\/\/www.tacoandco.fr\/wp-content\/uploads\/2014\/04\/Navettes-gratuites-Envia-pour-F\u00e9ria-de-Paques-2014-Arles-Copier.jpg\"><img decoding=\"async\" class=\"size-full wp-image-2888\" alt=\"Navettes gratuites Envia pour F\u00e9ria de Paques 2014 Arles\" src=\"http:\/\/www.tacoandco.fr\/wp-content\/uploads\/2014\/04\/Navettes-gratuites-Envia-pour-F\u00e9ria-de-Paques-2014-Arles-Copier.jpg\" width=\"338\" height=\"600\" srcset=\"https:\/\/www.tacoandco.fr\/wp-content\/uploads\/2014\/04\/Navettes-gratuites-Envia-pour-F\u00e9ria-de-Paques-2014-Arles-Copier.jpg 338w, https:\/\/www.tacoandco.fr\/wp-content\/uploads\/2014\/04\/Navettes-gratuites-Envia-pour-F\u00e9ria-de-Paques-2014-Arles-Copier-169x300.jpg 169w\" sizes=\"(max-width: 338px) 100vw, 338px\" \/><\/a><figcaption id=\"caption-attachment-2888\" class=\"wp-caption-text\">Navettes gratuites Envia pour F\u00e9ria de Paques 2014 Arles<\/figcaption><\/figure>\n<figure id=\"attachment_2889\" aria-describedby=\"caption-attachment-2889\" style=\"width: 800px\" class=\"wp-caption aligncenter\"><a href=\"http:\/\/www.tacoandco.fr\/wp-content\/uploads\/2014\/04\/Envia-March\u00e9-dArles-Copier.jpg\"><img decoding=\"async\" class=\"size-full wp-image-2889\" alt=\"Campagne de communication Envia sur le march\u00e9 d'Arles\" src=\"http:\/\/www.tacoandco.fr\/wp-content\/uploads\/2014\/04\/Envia-March\u00e9-dArles-Copier.jpg\" width=\"800\" height=\"450\" srcset=\"https:\/\/www.tacoandco.fr\/wp-content\/uploads\/2014\/04\/Envia-March\u00e9-dArles-Copier.jpg 800w, https:\/\/www.tacoandco.fr\/wp-content\/uploads\/2014\/04\/Envia-March\u00e9-dArles-Copier-300x168.jpg 300w\" sizes=\"(max-width: 800px) 100vw, 800px\" \/><\/a><figcaption id=\"caption-attachment-2889\" class=\"wp-caption-text\">Campagne de communication Envia sur le march\u00e9 d&rsquo;Arles<\/figcaption><\/figure>\n<p>&nbsp;<\/p>\n<p>&nbsp;<\/p>","protected":false},"excerpt":{"rendered":"<p>A l&rsquo;occasion de la f\u00e9ria de P\u00e2ques d&rsquo;Arles et comme pour toute les f\u00e9rias d&rsquo;Arles, ENVIA met en circulation des bus gratuits toute la nuit pour vous ramener chez vous . Pour que la f\u00eate soit belle jusqu&rsquo;au bout de la nuit, utilisez les bus gratuits d&rsquo;Envia!!!! Au d\u00e9part de Gabriel P\u00e9ry, \u00e0 00h00, 01h30 [&hellip;]<\/p>","protected":false},"author":2,"featured_media":2889,"comment_status":"closed","ping_status":"closed","sticky":false,"template":"","format":"standard","meta":{"footnotes":""},"categories":[4,3,16,15],"tags":[],"class_list":["post-2886","post","type-post","status-publish","format-standard","has-post-thumbnail","hentry","category-accueil","category-actualites","category-agendaarles","category-liensutiles","entry","has-media"],"aioseo_notices":[],"_links":{"self":[{"href":"https:\/\/www.tacoandco.fr\/en\/wp-json\/wp\/v2\/posts\/2886","targetHints":{"allow":["GET"]}}],"collection":[{"href":"https:\/\/www.tacoandco.fr\/en\/wp-json\/wp\/v2\/posts"}],"about":[{"href":"https:\/\/www.tacoandco.fr\/en\/wp-json\/wp\/v2\/types\/post"}],"author":[{"embeddable":true,"href":"https:\/\/www.tacoandco.fr\/en\/wp-json\/wp\/v2\/users\/2"}],"replies":[{"embeddable":true,"href":"https:\/\/www.tacoandco.fr\/en\/wp-json\/wp\/v2\/comments?post=2886"}],"version-history":[{"count":2,"href":"https:\/\/www.tacoandco.fr\/en\/wp-json\/wp\/v2\/posts\/2886\/revisions"}],"predecessor-version":[{"id":2891,"href":"https:\/\/www.tacoandco.fr\/en\/wp-json\/wp\/v2\/posts\/2886\/revisions\/2891"}],"wp:featuredmedia":[{"embeddable":true,"href":"https:\/\/www.tacoandco.fr\/en\/wp-json\/wp\/v2\/media\/2889"}],"wp:attachment":[{"href":"https:\/\/www.tacoandco.fr\/en\/wp-json\/wp\/v2\/media?parent=2886"}],"wp:term":[{"taxonomy":"category","embeddable":true,"href":"https:\/\/www.tacoandco.fr\/en\/wp-json\/wp\/v2\/categories?post=2886"},{"taxonomy":"post_tag","embeddable":true,"href":"https:\/\/www.tacoandco.fr\/en\/wp-json\/wp\/v2\/tags?post=2886"}],"curies":[{"name":"wp","href":"https:\/\/api.w.org\/{rel}","templated":true}]}}