{"id":2962,"date":"2014-05-27T13:23:16","date_gmt":"2014-05-27T13:23:16","guid":{"rendered":"http:\/\/www.tacoandco.fr\/?p=2962"},"modified":"2014-05-27T13:23:16","modified_gmt":"2014-05-27T13:23:16","slug":"les-suds-a-arles-festival-de-musique-du-monde-du-14-au-20-juillet-2014","status":"publish","type":"post","link":"https:\/\/www.tacoandco.fr\/en\/blog\/2014\/05\/27\/les-suds-a-arles-festival-de-musique-du-monde-du-14-au-20-juillet-2014\/","title":{"rendered":"Les Suds \u00e0 Arles, festival de musique du monde, du 14 au 20 juillet 2014"},"content":{"rendered":"<p style=\"color: #5c5c5c;\">La 19\u00e8me \u00e9dition du festival de musique du Monde,\u00a0\u00bb Les Suds \u00e0 Arles\u00a0\u00bb, aura lieu du 14 au 20\u00a0Juillet 2014 \u00e0 Arles.<\/p>\n<p style=\"color: #5c5c5c;\">Au programme des Suds \u00e0 Arles: Concerts au Th\u00e9\u00e2tre Antique, Moments pr\u00e9cieux et d\u00e9couvertes musicales \u00e0 l\u2019Espace Van Gogh, les Ap\u00e9ros d\u00e9couvertes \u00e0 l&rsquo;espace Van Gogh, les afters \u00e0 l\u2019atelier des Forges mais aussi la radio des suds ainsi que de nombreux stages\u2026..<\/p>\n<p style=\"color: #5c5c5c;\">Toutes les informations sur la programmation et les stages propos\u00e9s par le festival des Suds sur:\u00a0<a title=\"http:\/\/www.suds-arles.com\/\" href=\"http:\/\/http:\/\/www.suds-arles.com\/\" target=\"_blank\">http:\/\/www.suds-arles.com\/<\/a><\/p>\n<p style=\"color: #5c5c5c;\">Vivez au rythme des Suds du 14 au 20 juillet 2014!!!<\/p>\n<figure id=\"attachment_2963\" aria-describedby=\"caption-attachment-2963\" style=\"width: 800px\" class=\"wp-caption aligncenter\"><a href=\"http:\/\/www.tacoandco.fr\/wp-content\/uploads\/2014\/05\/Les-Suds-\u00e0-Arles-14-au-20-juillet-2014-Copier.jpg\"><img fetchpriority=\"high\" decoding=\"async\" class=\"size-full wp-image-2963\" src=\"http:\/\/www.tacoandco.fr\/wp-content\/uploads\/2014\/05\/Les-Suds-\u00e0-Arles-14-au-20-juillet-2014-Copier.jpg\" alt=\"Les Suds \u00e0 Arles, 14 au 20 juillet 2014 \" width=\"800\" height=\"530\" srcset=\"https:\/\/www.tacoandco.fr\/wp-content\/uploads\/2014\/05\/Les-Suds-\u00e0-Arles-14-au-20-juillet-2014-Copier.jpg 800w, https:\/\/www.tacoandco.fr\/wp-content\/uploads\/2014\/05\/Les-Suds-\u00e0-Arles-14-au-20-juillet-2014-Copier-300x198.jpg 300w\" sizes=\"(max-width: 800px) 100vw, 800px\" \/><\/a><figcaption id=\"caption-attachment-2963\" class=\"wp-caption-text\">Les Suds \u00e0 Arles, 14 au 20 juillet 2014<\/figcaption><\/figure>","protected":false},"excerpt":{"rendered":"<p>La 19\u00e8me \u00e9dition du festival de musique du Monde,\u00a0\u00bb Les Suds \u00e0 Arles\u00a0\u00bb, aura lieu du 14 au 20\u00a0Juillet 2014 \u00e0 Arles. Au programme des Suds \u00e0 Arles: Concerts au Th\u00e9\u00e2tre Antique, Moments pr\u00e9cieux et d\u00e9couvertes musicales \u00e0 l\u2019Espace Van Gogh, les Ap\u00e9ros d\u00e9couvertes \u00e0 l&rsquo;espace Van Gogh, les afters \u00e0 l\u2019atelier des Forges mais [&hellip;]<\/p>","protected":false},"author":2,"featured_media":2963,"comment_status":"closed","ping_status":"closed","sticky":false,"template":"","format":"standard","meta":{"footnotes":""},"categories":[4,3,16,15],"tags":[],"class_list":["post-2962","post","type-post","status-publish","format-standard","has-post-thumbnail","hentry","category-accueil","category-actualites","category-agendaarles","category-liensutiles","entry","has-media"],"aioseo_notices":[],"_links":{"self":[{"href":"https:\/\/www.tacoandco.fr\/en\/wp-json\/wp\/v2\/posts\/2962","targetHints":{"allow":["GET"]}}],"collection":[{"href":"https:\/\/www.tacoandco.fr\/en\/wp-json\/wp\/v2\/posts"}],"about":[{"href":"https:\/\/www.tacoandco.fr\/en\/wp-json\/wp\/v2\/types\/post"}],"author":[{"embeddable":true,"href":"https:\/\/www.tacoandco.fr\/en\/wp-json\/wp\/v2\/users\/2"}],"replies":[{"embeddable":true,"href":"https:\/\/www.tacoandco.fr\/en\/wp-json\/wp\/v2\/comments?post=2962"}],"version-history":[{"count":1,"href":"https:\/\/www.tacoandco.fr\/en\/wp-json\/wp\/v2\/posts\/2962\/revisions"}],"predecessor-version":[{"id":2966,"href":"https:\/\/www.tacoandco.fr\/en\/wp-json\/wp\/v2\/posts\/2962\/revisions\/2966"}],"wp:featuredmedia":[{"embeddable":true,"href":"https:\/\/www.tacoandco.fr\/en\/wp-json\/wp\/v2\/media\/2963"}],"wp:attachment":[{"href":"https:\/\/www.tacoandco.fr\/en\/wp-json\/wp\/v2\/media?parent=2962"}],"wp:term":[{"taxonomy":"category","embeddable":true,"href":"https:\/\/www.tacoandco.fr\/en\/wp-json\/wp\/v2\/categories?post=2962"},{"taxonomy":"post_tag","embeddable":true,"href":"https:\/\/www.tacoandco.fr\/en\/wp-json\/wp\/v2\/tags?post=2962"}],"curies":[{"name":"wp","href":"https:\/\/api.w.org\/{rel}","templated":true}]}}