{"id":2979,"date":"2014-06-05T13:57:58","date_gmt":"2014-06-05T13:57:58","guid":{"rendered":"http:\/\/www.tacoandco.fr\/?p=2979"},"modified":"2014-06-05T13:58:34","modified_gmt":"2014-06-05T13:58:34","slug":"le-forum-lyrique-international-du-10-au-14-juin-2014-en-arles","status":"publish","type":"post","link":"https:\/\/www.tacoandco.fr\/en\/blog\/2014\/06\/05\/le-forum-lyrique-international-du-10-au-14-juin-2014-en-arles\/","title":{"rendered":"Le Forum lyrique international du 10 au 14 juin 2014 en Arles"},"content":{"rendered":"<p>Le 14\u00e9me forum lyrique international aura lieu \u00e0 Arles du 10 au 14 Juin 2014 dans le cadre exceptionnel de la Cour de l\u2019Archev\u00each\u00e9. Le forum lyrique international sera d\u00e9compos\u00e9 en 3 soir\u00e9es organis\u00e9es dans la\u00a0Cour de l\u2019Archev\u00each\u00e9 avec un concours op\u00e9ra et\u00a0des concerts jeunes Talents. Toutes les informations sur le Forum lyrique international d&rsquo;Arles:<a title=\"http:\/\/www.lyrique-arles.com\/\" href=\"http:\/\/www.lyrique-arles.com\/\" target=\"_blank\">http:\/\/www.lyrique-arles.com\/<\/a> Si vous souhaitez vous rendre \u00e0 la cour de l\u2019Archev\u00each\u00e9, n&rsquo;h\u00e9sitez pas \u00e0 nous contacter, nous proposons des navettes en v\u00e9lo taco \u00e0 partir de 5 euros.<\/p>\n<figure id=\"attachment_2986\" aria-describedby=\"caption-attachment-2986\" style=\"width: 338px\" class=\"wp-caption aligncenter\"><a href=\"http:\/\/www.tacoandco.fr\/wp-content\/uploads\/2014\/06\/Forum-lyrique-Arles-Copier.jpg\"><img fetchpriority=\"high\" decoding=\"async\" class=\"size-full wp-image-2986\" src=\"http:\/\/www.tacoandco.fr\/wp-content\/uploads\/2014\/06\/Forum-lyrique-Arles-Copier.jpg\" alt=\"Forum lyrique 2014 Arles \" width=\"338\" height=\"600\" srcset=\"https:\/\/www.tacoandco.fr\/wp-content\/uploads\/2014\/06\/Forum-lyrique-Arles-Copier.jpg 338w, https:\/\/www.tacoandco.fr\/wp-content\/uploads\/2014\/06\/Forum-lyrique-Arles-Copier-169x300.jpg 169w\" sizes=\"(max-width: 338px) 100vw, 338px\" \/><\/a><figcaption id=\"caption-attachment-2986\" class=\"wp-caption-text\">Forum lyrique 2014 Arles<\/figcaption><\/figure>\n<figure id=\"attachment_2987\" aria-describedby=\"caption-attachment-2987\" style=\"width: 338px\" class=\"wp-caption aligncenter\"><a href=\"http:\/\/www.tacoandco.fr\/wp-content\/uploads\/2014\/06\/Forum-lyrique-international-dArles-Copier.jpg\"><img decoding=\"async\" class=\"size-full wp-image-2987\" src=\"http:\/\/www.tacoandco.fr\/wp-content\/uploads\/2014\/06\/Forum-lyrique-international-dArles-Copier.jpg\" alt=\"Forum lyrique international d'Arles \" width=\"338\" height=\"600\" srcset=\"https:\/\/www.tacoandco.fr\/wp-content\/uploads\/2014\/06\/Forum-lyrique-international-dArles-Copier.jpg 338w, https:\/\/www.tacoandco.fr\/wp-content\/uploads\/2014\/06\/Forum-lyrique-international-dArles-Copier-169x300.jpg 169w\" sizes=\"(max-width: 338px) 100vw, 338px\" \/><\/a><figcaption id=\"caption-attachment-2987\" class=\"wp-caption-text\">Forum lyrique international d&rsquo;Arles<\/figcaption><\/figure>\n<figure id=\"attachment_2988\" aria-describedby=\"caption-attachment-2988\" style=\"width: 400px\" class=\"wp-caption aligncenter\"><a href=\"http:\/\/www.tacoandco.fr\/wp-content\/uploads\/2014\/06\/Forum-lyrique-International-dArles-2014-1-Copier.jpg\"><img decoding=\"async\" class=\"size-full wp-image-2988\" src=\"http:\/\/www.tacoandco.fr\/wp-content\/uploads\/2014\/06\/Forum-lyrique-International-dArles-2014-1-Copier.jpg\" alt=\"Forum lyrique International d'Arles 2014 \" width=\"400\" height=\"600\" srcset=\"https:\/\/www.tacoandco.fr\/wp-content\/uploads\/2014\/06\/Forum-lyrique-International-dArles-2014-1-Copier.jpg 400w, https:\/\/www.tacoandco.fr\/wp-content\/uploads\/2014\/06\/Forum-lyrique-International-dArles-2014-1-Copier-200x300.jpg 200w\" sizes=\"(max-width: 400px) 100vw, 400px\" \/><\/a><figcaption id=\"caption-attachment-2988\" class=\"wp-caption-text\">Forum lyrique International d&rsquo;Arles 2014<\/figcaption><\/figure>","protected":false},"excerpt":{"rendered":"<p>Le 14\u00e9me forum lyrique international aura lieu \u00e0 Arles du 10 au 14 Juin 2014 dans le cadre exceptionnel de la Cour de l\u2019Archev\u00each\u00e9. Le forum lyrique international sera d\u00e9compos\u00e9 en 3 soir\u00e9es organis\u00e9es dans la\u00a0Cour de l\u2019Archev\u00each\u00e9 avec un concours op\u00e9ra et\u00a0des concerts jeunes Talents. Toutes les informations sur le Forum lyrique international d&rsquo;Arles:http:\/\/www.lyrique-arles.com\/ [&hellip;]<\/p>","protected":false},"author":2,"featured_media":2988,"comment_status":"closed","ping_status":"closed","sticky":false,"template":"","format":"standard","meta":{"footnotes":""},"categories":[4,3],"tags":[],"class_list":["post-2979","post","type-post","status-publish","format-standard","has-post-thumbnail","hentry","category-accueil","category-actualites","entry","has-media"],"aioseo_notices":[],"_links":{"self":[{"href":"https:\/\/www.tacoandco.fr\/en\/wp-json\/wp\/v2\/posts\/2979","targetHints":{"allow":["GET"]}}],"collection":[{"href":"https:\/\/www.tacoandco.fr\/en\/wp-json\/wp\/v2\/posts"}],"about":[{"href":"https:\/\/www.tacoandco.fr\/en\/wp-json\/wp\/v2\/types\/post"}],"author":[{"embeddable":true,"href":"https:\/\/www.tacoandco.fr\/en\/wp-json\/wp\/v2\/users\/2"}],"replies":[{"embeddable":true,"href":"https:\/\/www.tacoandco.fr\/en\/wp-json\/wp\/v2\/comments?post=2979"}],"version-history":[{"count":3,"href":"https:\/\/www.tacoandco.fr\/en\/wp-json\/wp\/v2\/posts\/2979\/revisions"}],"predecessor-version":[{"id":2991,"href":"https:\/\/www.tacoandco.fr\/en\/wp-json\/wp\/v2\/posts\/2979\/revisions\/2991"}],"wp:featuredmedia":[{"embeddable":true,"href":"https:\/\/www.tacoandco.fr\/en\/wp-json\/wp\/v2\/media\/2988"}],"wp:attachment":[{"href":"https:\/\/www.tacoandco.fr\/en\/wp-json\/wp\/v2\/media?parent=2979"}],"wp:term":[{"taxonomy":"category","embeddable":true,"href":"https:\/\/www.tacoandco.fr\/en\/wp-json\/wp\/v2\/categories?post=2979"},{"taxonomy":"post_tag","embeddable":true,"href":"https:\/\/www.tacoandco.fr\/en\/wp-json\/wp\/v2\/tags?post=2979"}],"curies":[{"name":"wp","href":"https:\/\/api.w.org\/{rel}","templated":true}]}}