{"id":2997,"date":"2014-06-13T05:25:34","date_gmt":"2014-06-13T05:25:34","guid":{"rendered":"http:\/\/www.tacoandco.fr\/?p=2997"},"modified":"2014-06-13T05:25:34","modified_gmt":"2014-06-13T05:25:34","slug":"les-rencontres-darles-2014-du-7-juillet-au-21-septembre-2014-a-arles","status":"publish","type":"post","link":"https:\/\/www.tacoandco.fr\/en\/blog\/2014\/06\/13\/les-rencontres-darles-2014-du-7-juillet-au-21-septembre-2014-a-arles\/","title":{"rendered":"Les Rencontres d&rsquo;Arles 2014, du 7 juillet au 21 Septembre 2014 \u00e0 Arles"},"content":{"rendered":"<p style=\"color: #5c5c5c;\">Les Rencontres d\u2019Arles, \u00a0festival international de la photographie aura lieu du 7 Juillet au 21 Septembre 2014 \u00e0 Arles.<\/p>\n<p style=\"color: #5c5c5c;\">Pour cette \u00e9dition 2014 des Rencontres de la photographie d&rsquo;Arles \u00a0intitul\u00e9 \u00ab Parade\u00a0\u00bb, plus de 50 expositions et stages vous seront propos\u00e9es dans les plus beaux b\u00e2timents de la ville<\/p>\n<p style=\"color: #5c5c5c;\">Pour toutes les informations et le programme des Rencontres d&rsquo;Arles:<a title=\"http:\/\/www.rencontres-arles.com\/Home\" href=\"http:\/\/www.rencontres-arles.com\/Home\" target=\"_blank\">http:\/\/www.rencontres-arles.com\/Home<\/a><\/p>\n<p style=\"color: #5c5c5c;\">Taco and Co est partenaire des Rencontres pour la 5\u00e8me ann\u00e9e cons\u00e9cutive et vous propose des liaisons rapides entre les diff\u00e9rentes expositions, les h\u00f4tels et restaurants ainsi que la gare SNCF.R\u00e9servation conseill\u00e9e au 0650296000<\/p>\n<figure id=\"attachment_2998\" aria-describedby=\"caption-attachment-2998\" style=\"width: 700px\" class=\"wp-caption aligncenter\"><a href=\"http:\/\/www.tacoandco.fr\/wp-content\/uploads\/2014\/06\/Les-Rencontres-dArles-2014.png\"><img fetchpriority=\"high\" decoding=\"async\" class=\"size-full wp-image-2998\" src=\"http:\/\/www.tacoandco.fr\/wp-content\/uploads\/2014\/06\/Les-Rencontres-dArles-2014.png\" alt=\"Les Rencontres d'Arles 2014\" width=\"700\" height=\"400\" srcset=\"https:\/\/www.tacoandco.fr\/wp-content\/uploads\/2014\/06\/Les-Rencontres-dArles-2014.png 700w, https:\/\/www.tacoandco.fr\/wp-content\/uploads\/2014\/06\/Les-Rencontres-dArles-2014-300x171.png 300w\" sizes=\"(max-width: 700px) 100vw, 700px\" \/><\/a><figcaption id=\"caption-attachment-2998\" class=\"wp-caption-text\">Les Rencontres d&rsquo;Arles 2014<\/figcaption><\/figure>\n<p style=\"color: #5c5c5c;\">","protected":false},"excerpt":{"rendered":"<p>Les Rencontres d\u2019Arles, \u00a0festival international de la photographie aura lieu du 7 Juillet au 21 Septembre 2014 \u00e0 Arles. Pour cette \u00e9dition 2014 des Rencontres de la photographie d&rsquo;Arles \u00a0intitul\u00e9 \u00ab Parade\u00a0\u00bb, plus de 50 expositions et stages vous seront propos\u00e9es dans les plus beaux b\u00e2timents de la ville Pour toutes les informations et le [&hellip;]<\/p>","protected":false},"author":2,"featured_media":2998,"comment_status":"closed","ping_status":"closed","sticky":false,"template":"","format":"standard","meta":{"footnotes":""},"categories":[4,3],"tags":[],"class_list":["post-2997","post","type-post","status-publish","format-standard","has-post-thumbnail","hentry","category-accueil","category-actualites","entry","has-media"],"aioseo_notices":[],"_links":{"self":[{"href":"https:\/\/www.tacoandco.fr\/en\/wp-json\/wp\/v2\/posts\/2997","targetHints":{"allow":["GET"]}}],"collection":[{"href":"https:\/\/www.tacoandco.fr\/en\/wp-json\/wp\/v2\/posts"}],"about":[{"href":"https:\/\/www.tacoandco.fr\/en\/wp-json\/wp\/v2\/types\/post"}],"author":[{"embeddable":true,"href":"https:\/\/www.tacoandco.fr\/en\/wp-json\/wp\/v2\/users\/2"}],"replies":[{"embeddable":true,"href":"https:\/\/www.tacoandco.fr\/en\/wp-json\/wp\/v2\/comments?post=2997"}],"version-history":[{"count":2,"href":"https:\/\/www.tacoandco.fr\/en\/wp-json\/wp\/v2\/posts\/2997\/revisions"}],"predecessor-version":[{"id":3000,"href":"https:\/\/www.tacoandco.fr\/en\/wp-json\/wp\/v2\/posts\/2997\/revisions\/3000"}],"wp:featuredmedia":[{"embeddable":true,"href":"https:\/\/www.tacoandco.fr\/en\/wp-json\/wp\/v2\/media\/2998"}],"wp:attachment":[{"href":"https:\/\/www.tacoandco.fr\/en\/wp-json\/wp\/v2\/media?parent=2997"}],"wp:term":[{"taxonomy":"category","embeddable":true,"href":"https:\/\/www.tacoandco.fr\/en\/wp-json\/wp\/v2\/categories?post=2997"},{"taxonomy":"post_tag","embeddable":true,"href":"https:\/\/www.tacoandco.fr\/en\/wp-json\/wp\/v2\/tags?post=2997"}],"curies":[{"name":"wp","href":"https:\/\/api.w.org\/{rel}","templated":true}]}}