{"id":3030,"date":"2014-07-02T08:17:27","date_gmt":"2014-07-02T08:17:27","guid":{"rendered":"http:\/\/www.tacoandco.fr\/?p=3030"},"modified":"2014-07-02T08:17:27","modified_gmt":"2014-07-02T08:17:27","slug":"les-rencontres-darles-2014-circulez-rapidement-avec-taco-and-co","status":"publish","type":"post","link":"https:\/\/www.tacoandco.fr\/en\/blog\/2014\/07\/02\/les-rencontres-darles-2014-circulez-rapidement-avec-taco-and-co\/","title":{"rendered":"Les Rencontres d&rsquo;Arles 2014: Circulez rapidement avec Taco and Co"},"content":{"rendered":"<p style=\"color: #5c5c5c;\">Pendant toute la dur\u00e9e du festival de la photographie Les Rencontres d&rsquo;Arles, du 07\u00a0juillet au 21 Septembre 2014, Taco and Co et ses 4 v\u00e9los-taco vous proposent \u00a0un\u00a0syst\u00e8me\u00a0de navette rapide et \u00e9cologique entre les\u00a0diff\u00e9rents\u00a0sites d\u2019expositions \u00e0 partir de 5 euros.<\/p>\n<p style=\"color: #5c5c5c;\">N\u2019 h\u00e9sitez pas \u00e0 utiliser nos services, c\u2019est le transport id\u00e9al pour se d\u00e9placer rapidement dans la ville., pour aller aux restaurants, \u00e0 l\u2019h\u00f4tel, aux expositions, aux mus\u00e9es\u2026\u2026<\/p>\n<p style=\"color: #5c5c5c;\">Liaison Gares SNCF-Centre ville d\u2019Arles \u00e0 partir de 6 euros<\/p>\n<p style=\"color: #5c5c5c;\">Vous pouvez nous joindre au 0650296000.<\/p>\n<p style=\"color: #5c5c5c;\">Nos \u00a0v\u00e9los vous transportent de site en site de 8h \u00e0 22h, \u00a0r\u00e9servation\u00a0apr\u00e8s 2o heures.<\/p>\n<p style=\"color: #5c5c5c;\">.Pour les plus sportifs nous louons \u00e9galement des v\u00e9los en gare d\u2019Arles.<\/p>\n<p style=\"color: #5c5c5c;\">Pour plus d\u2019informations:\u00a0<a style=\"font-weight: bold; font-style: inherit; color: #000000;\" href=\"http:\/\/www.rencontres-arles.com\/\" target=\"_blank\">http:\/\/www.rencontres-arles.com<\/a>\u00a0ou <a title=\"www.visiterarles.com\" href=\"http:\/\/www.visiterarles.com\" target=\"_blank\">www.visiterarles.com<\/a><\/p>\n<figure id=\"attachment_2998\" aria-describedby=\"caption-attachment-2998\" style=\"width: 700px\" class=\"wp-caption aligncenter\"><a href=\"http:\/\/www.tacoandco.fr\/wp-content\/uploads\/2014\/06\/Les-Rencontres-dArles-2014.png\"><img fetchpriority=\"high\" decoding=\"async\" class=\"size-full wp-image-2998\" src=\"http:\/\/www.tacoandco.fr\/wp-content\/uploads\/2014\/06\/Les-Rencontres-dArles-2014.png\" alt=\"Les Rencontres d'Arles 2014\" width=\"700\" height=\"400\" srcset=\"https:\/\/www.tacoandco.fr\/wp-content\/uploads\/2014\/06\/Les-Rencontres-dArles-2014.png 700w, https:\/\/www.tacoandco.fr\/wp-content\/uploads\/2014\/06\/Les-Rencontres-dArles-2014-300x171.png 300w\" sizes=\"(max-width: 700px) 100vw, 700px\" \/><\/a><figcaption id=\"caption-attachment-2998\" class=\"wp-caption-text\">Les Rencontres d&rsquo;Arles 2014<\/figcaption><\/figure>\n<p style=\"color: #5c5c5c;\">","protected":false},"excerpt":{"rendered":"<p>Pendant toute la dur\u00e9e du festival de la photographie Les Rencontres d&rsquo;Arles, du 07\u00a0juillet au 21 Septembre 2014, Taco and Co et ses 4 v\u00e9los-taco vous proposent \u00a0un\u00a0syst\u00e8me\u00a0de navette rapide et \u00e9cologique entre les\u00a0diff\u00e9rents\u00a0sites d\u2019expositions \u00e0 partir de 5 euros. N\u2019 h\u00e9sitez pas \u00e0 utiliser nos services, c\u2019est le transport id\u00e9al pour se d\u00e9placer rapidement [&hellip;]<\/p>","protected":false},"author":2,"featured_media":2998,"comment_status":"closed","ping_status":"closed","sticky":false,"template":"","format":"standard","meta":{"footnotes":""},"categories":[4,3],"tags":[],"class_list":["post-3030","post","type-post","status-publish","format-standard","has-post-thumbnail","hentry","category-accueil","category-actualites","entry","has-media"],"aioseo_notices":[],"_links":{"self":[{"href":"https:\/\/www.tacoandco.fr\/en\/wp-json\/wp\/v2\/posts\/3030","targetHints":{"allow":["GET"]}}],"collection":[{"href":"https:\/\/www.tacoandco.fr\/en\/wp-json\/wp\/v2\/posts"}],"about":[{"href":"https:\/\/www.tacoandco.fr\/en\/wp-json\/wp\/v2\/types\/post"}],"author":[{"embeddable":true,"href":"https:\/\/www.tacoandco.fr\/en\/wp-json\/wp\/v2\/users\/2"}],"replies":[{"embeddable":true,"href":"https:\/\/www.tacoandco.fr\/en\/wp-json\/wp\/v2\/comments?post=3030"}],"version-history":[{"count":2,"href":"https:\/\/www.tacoandco.fr\/en\/wp-json\/wp\/v2\/posts\/3030\/revisions"}],"predecessor-version":[{"id":3032,"href":"https:\/\/www.tacoandco.fr\/en\/wp-json\/wp\/v2\/posts\/3030\/revisions\/3032"}],"wp:featuredmedia":[{"embeddable":true,"href":"https:\/\/www.tacoandco.fr\/en\/wp-json\/wp\/v2\/media\/2998"}],"wp:attachment":[{"href":"https:\/\/www.tacoandco.fr\/en\/wp-json\/wp\/v2\/media?parent=3030"}],"wp:term":[{"taxonomy":"category","embeddable":true,"href":"https:\/\/www.tacoandco.fr\/en\/wp-json\/wp\/v2\/categories?post=3030"},{"taxonomy":"post_tag","embeddable":true,"href":"https:\/\/www.tacoandco.fr\/en\/wp-json\/wp\/v2\/tags?post=3030"}],"curies":[{"name":"wp","href":"https:\/\/api.w.org\/{rel}","templated":true}]}}