{"id":3036,"date":"2014-07-02T08:33:33","date_gmt":"2014-07-02T08:33:33","guid":{"rendered":"http:\/\/www.tacoandco.fr\/?p=3036"},"modified":"2014-07-02T08:33:33","modified_gmt":"2014-07-02T08:33:33","slug":"les-fetes-darles-2014-pegoulado-et-fete-du-costume-les-4-et-6-juillet-2014","status":"publish","type":"post","link":"https:\/\/www.tacoandco.fr\/en\/blog\/2014\/07\/02\/les-fetes-darles-2014-pegoulado-et-fete-du-costume-les-4-et-6-juillet-2014\/","title":{"rendered":"Les f\u00eates d&rsquo;Arles 2014: P\u00e9goulado et f\u00eate du costume les 4 et 6 juillet 2014"},"content":{"rendered":"<p>Les f\u00eates d&rsquo;Arles se poursuivent tout le weekend avec notamment la grande P\u00e9goulado 2014 sur le th\u00e8me \u00a0\u00bb les oeuvres de Mistral\u00a0\u00bb le 4 juillet avec un d\u00e9part du d\u00e9fil\u00e9 \u00e0 21h30 sur le Bd des Lices.<\/p>\n<p>La f\u00eate du costume quant \u00e0 elle, aura lieu le dimanche 6 juillet avec le rassemblement des groupes qui aura lieu \u00e0 9h00 sur la place de la R\u00e9publique.<\/p>\n<p>L&rsquo;occasion de voir que 100 ans apr\u00e8s la mort de Mistral, la ferveur pour le costume et les traditions n&rsquo;a pas faibli.<\/p>\n<p>A ne pas manquer \u00e9galement la cocarde d&rsquo;or, lundi 7 juillet \u00e0 17h30 dans les Ar\u00e8nes d&rsquo;Arles.<\/p>\n<p>Taco and Co est \u00e0 votre disposition si vous souhaitez vous d\u00e9placer dans la ville.<\/p>\n<p>R\u00e9servation au 0650296000.<\/p>\n<figure id=\"attachment_3037\" aria-describedby=\"caption-attachment-3037\" style=\"width: 338px\" class=\"wp-caption aligncenter\"><a href=\"http:\/\/www.tacoandco.fr\/wp-content\/uploads\/2014\/07\/F\u00eates-dArles-2014-tous-le-week-end.jpg\"><img fetchpriority=\"high\" decoding=\"async\" class=\"size-full wp-image-3037\" src=\"http:\/\/www.tacoandco.fr\/wp-content\/uploads\/2014\/07\/F\u00eates-dArles-2014-tous-le-week-end.jpg\" alt=\"F\u00eates d'Arles 2014 tout le week end\" width=\"338\" height=\"600\" srcset=\"https:\/\/www.tacoandco.fr\/wp-content\/uploads\/2014\/07\/F\u00eates-dArles-2014-tous-le-week-end.jpg 338w, https:\/\/www.tacoandco.fr\/wp-content\/uploads\/2014\/07\/F\u00eates-dArles-2014-tous-le-week-end-169x300.jpg 169w\" sizes=\"(max-width: 338px) 100vw, 338px\" \/><\/a><figcaption id=\"caption-attachment-3037\" class=\"wp-caption-text\">F\u00eates d&rsquo;Arles 2014 tout le week end<\/figcaption><\/figure>\n<p>&nbsp;<\/p>","protected":false},"excerpt":{"rendered":"<p>Les f\u00eates d&rsquo;Arles se poursuivent tout le weekend avec notamment la grande P\u00e9goulado 2014 sur le th\u00e8me \u00a0\u00bb les oeuvres de Mistral\u00a0\u00bb le 4 juillet avec un d\u00e9part du d\u00e9fil\u00e9 \u00e0 21h30 sur le Bd des Lices. La f\u00eate du costume quant \u00e0 elle, aura lieu le dimanche 6 juillet avec le rassemblement des groupes [&hellip;]<\/p>","protected":false},"author":2,"featured_media":3037,"comment_status":"closed","ping_status":"closed","sticky":false,"template":"","format":"standard","meta":{"footnotes":""},"categories":[4,3],"tags":[],"class_list":["post-3036","post","type-post","status-publish","format-standard","has-post-thumbnail","hentry","category-accueil","category-actualites","entry","has-media"],"aioseo_notices":[],"_links":{"self":[{"href":"https:\/\/www.tacoandco.fr\/en\/wp-json\/wp\/v2\/posts\/3036","targetHints":{"allow":["GET"]}}],"collection":[{"href":"https:\/\/www.tacoandco.fr\/en\/wp-json\/wp\/v2\/posts"}],"about":[{"href":"https:\/\/www.tacoandco.fr\/en\/wp-json\/wp\/v2\/types\/post"}],"author":[{"embeddable":true,"href":"https:\/\/www.tacoandco.fr\/en\/wp-json\/wp\/v2\/users\/2"}],"replies":[{"embeddable":true,"href":"https:\/\/www.tacoandco.fr\/en\/wp-json\/wp\/v2\/comments?post=3036"}],"version-history":[{"count":1,"href":"https:\/\/www.tacoandco.fr\/en\/wp-json\/wp\/v2\/posts\/3036\/revisions"}],"predecessor-version":[{"id":3038,"href":"https:\/\/www.tacoandco.fr\/en\/wp-json\/wp\/v2\/posts\/3036\/revisions\/3038"}],"wp:featuredmedia":[{"embeddable":true,"href":"https:\/\/www.tacoandco.fr\/en\/wp-json\/wp\/v2\/media\/3037"}],"wp:attachment":[{"href":"https:\/\/www.tacoandco.fr\/en\/wp-json\/wp\/v2\/media?parent=3036"}],"wp:term":[{"taxonomy":"category","embeddable":true,"href":"https:\/\/www.tacoandco.fr\/en\/wp-json\/wp\/v2\/categories?post=3036"},{"taxonomy":"post_tag","embeddable":true,"href":"https:\/\/www.tacoandco.fr\/en\/wp-json\/wp\/v2\/tags?post=3036"}],"curies":[{"name":"wp","href":"https:\/\/api.w.org\/{rel}","templated":true}]}}