{"id":3062,"date":"2014-07-31T14:04:04","date_gmt":"2014-07-31T14:04:04","guid":{"rendered":"http:\/\/www.tacoandco.fr\/?p=3062"},"modified":"2014-07-31T14:04:04","modified_gmt":"2014-07-31T14:04:04","slug":"autoportrait-a-la-pipe-et-au-chapeau-de-paille-de-van-gogh-a-decouvrir-a-la-fondation-vincent-van-gogh-darles","status":"publish","type":"post","link":"https:\/\/www.tacoandco.fr\/en\/blog\/2014\/07\/31\/autoportrait-a-la-pipe-et-au-chapeau-de-paille-de-van-gogh-a-decouvrir-a-la-fondation-vincent-van-gogh-darles\/","title":{"rendered":"Autoportrait \u00e0 la pipe et au chapeau de paille de Van Gogh, \u00e0 d\u00e9couvrir \u00e0 la Fondation Vincent Van Gogh d&rsquo;Arles"},"content":{"rendered":"<p>l&rsquo;Autoportrait \u00e0 la pipe et au chapeau de paille de Vincent Van Gogh datant de 1887, est \u00e0\u00a0\u00a0d\u00e9couvrir avec 7 autres tableaux du ma\u00eetre, \u00e0 la Fondation Vincent Van Gogh, rue du docteur Fanton \u00e0 Arles jusqu&rsquo;au 31 Ao\u00fbt 2014.<\/p>\n<p>Venez nombreux d\u00e9couvrir l&rsquo;exposition Van Gogh Live! \u00e0 le fondation Vincent Van Gogh d&rsquo;Arles.<\/p>\n<p>Toutes les informations sur:<a title=\"http:\/\/www.fondation-vincentvangogh-arles.org\/\" href=\"http:\/\/http:\/\/www.fondation-vincentvangogh-arles.org\/\" target=\"_blank\">http:\/\/www.fondation-vincentvangogh-arles.org\/<\/a><\/p>\n<figure id=\"attachment_3063\" aria-describedby=\"caption-attachment-3063\" style=\"width: 400px\" class=\"wp-caption aligncenter\"><a href=\"http:\/\/www.tacoandco.fr\/wp-content\/uploads\/2014\/07\/Auto-portrait-Vincent-Van-Gogh-Fondation-Van-Gogh-Arles-Copier.jpg\"><img fetchpriority=\"high\" decoding=\"async\" class=\"size-full wp-image-3063\" src=\"http:\/\/www.tacoandco.fr\/wp-content\/uploads\/2014\/07\/Auto-portrait-Vincent-Van-Gogh-Fondation-Van-Gogh-Arles-Copier.jpg\" alt=\"Auto portrait Vincent  Van Gogh, Fondation Van Gogh Arles \" width=\"400\" height=\"600\" srcset=\"https:\/\/www.tacoandco.fr\/wp-content\/uploads\/2014\/07\/Auto-portrait-Vincent-Van-Gogh-Fondation-Van-Gogh-Arles-Copier.jpg 400w, https:\/\/www.tacoandco.fr\/wp-content\/uploads\/2014\/07\/Auto-portrait-Vincent-Van-Gogh-Fondation-Van-Gogh-Arles-Copier-200x300.jpg 200w\" sizes=\"(max-width: 400px) 100vw, 400px\" \/><\/a><figcaption id=\"caption-attachment-3063\" class=\"wp-caption-text\">Auto portrait Vincent Van Gogh, Fondation Van Gogh Arles<\/figcaption><\/figure>\n<p>&nbsp;<\/p>","protected":false},"excerpt":{"rendered":"<p>l&rsquo;Autoportrait \u00e0 la pipe et au chapeau de paille de Vincent Van Gogh datant de 1887, est \u00e0\u00a0\u00a0d\u00e9couvrir avec 7 autres tableaux du ma\u00eetre, \u00e0 la Fondation Vincent Van Gogh, rue du docteur Fanton \u00e0 Arles jusqu&rsquo;au 31 Ao\u00fbt 2014. Venez nombreux d\u00e9couvrir l&rsquo;exposition Van Gogh Live! \u00e0 le fondation Vincent Van Gogh d&rsquo;Arles. Toutes [&hellip;]<\/p>","protected":false},"author":2,"featured_media":3063,"comment_status":"closed","ping_status":"closed","sticky":false,"template":"","format":"standard","meta":{"footnotes":""},"categories":[4,3],"tags":[],"class_list":["post-3062","post","type-post","status-publish","format-standard","has-post-thumbnail","hentry","category-accueil","category-actualites","entry","has-media"],"aioseo_notices":[],"_links":{"self":[{"href":"https:\/\/www.tacoandco.fr\/en\/wp-json\/wp\/v2\/posts\/3062","targetHints":{"allow":["GET"]}}],"collection":[{"href":"https:\/\/www.tacoandco.fr\/en\/wp-json\/wp\/v2\/posts"}],"about":[{"href":"https:\/\/www.tacoandco.fr\/en\/wp-json\/wp\/v2\/types\/post"}],"author":[{"embeddable":true,"href":"https:\/\/www.tacoandco.fr\/en\/wp-json\/wp\/v2\/users\/2"}],"replies":[{"embeddable":true,"href":"https:\/\/www.tacoandco.fr\/en\/wp-json\/wp\/v2\/comments?post=3062"}],"version-history":[{"count":2,"href":"https:\/\/www.tacoandco.fr\/en\/wp-json\/wp\/v2\/posts\/3062\/revisions"}],"predecessor-version":[{"id":3065,"href":"https:\/\/www.tacoandco.fr\/en\/wp-json\/wp\/v2\/posts\/3062\/revisions\/3065"}],"wp:featuredmedia":[{"embeddable":true,"href":"https:\/\/www.tacoandco.fr\/en\/wp-json\/wp\/v2\/media\/3063"}],"wp:attachment":[{"href":"https:\/\/www.tacoandco.fr\/en\/wp-json\/wp\/v2\/media?parent=3062"}],"wp:term":[{"taxonomy":"category","embeddable":true,"href":"https:\/\/www.tacoandco.fr\/en\/wp-json\/wp\/v2\/categories?post=3062"},{"taxonomy":"post_tag","embeddable":true,"href":"https:\/\/www.tacoandco.fr\/en\/wp-json\/wp\/v2\/tags?post=3062"}],"curies":[{"name":"wp","href":"https:\/\/api.w.org\/{rel}","templated":true}]}}