{"id":3071,"date":"2014-09-05T11:24:51","date_gmt":"2014-09-05T11:24:51","guid":{"rendered":"http:\/\/www.tacoandco.fr\/?p=3071"},"modified":"2014-09-05T11:24:51","modified_gmt":"2014-09-05T11:24:51","slug":"feria-du-riz-a-arles-du-12-au-14-septembre-2014-navettes-gratuites-denvia","status":"publish","type":"post","link":"https:\/\/www.tacoandco.fr\/en\/blog\/2014\/09\/05\/feria-du-riz-a-arles-du-12-au-14-septembre-2014-navettes-gratuites-denvia\/","title":{"rendered":"F\u00e9ria du riz  \u00e0 Arles du 12 au 14 septembre 2014: Navettes gratuites d&rsquo;Envia"},"content":{"rendered":"<p>A l&rsquo;occasion de la f\u00e9ria de P\u00e2ques 2014 \u00e0 Arles, qui aura lieu du 12 au 14 septembre\u00a02014, le r\u00e9seau Envia met \u00e0 votre disposition des bus nocturnes et gratuits pour vous ramener chez vous.<\/p>\n<p>Les 12 et 13 septembre, pour rentrer de la f\u00e9ria d&rsquo;Arles, n\u2019h\u00e9sitez \u00e0 utiliser les navettes gratuites d\u2019Envia au d\u00e9part du parking Gabriel P\u00e9ri.<\/p>\n<p>Ces navettes desservent Salin de Giraud, Mas Thibert, St Martin de crau et Tarascon, 3 d\u00e9parts sont pr\u00e9vus \u00e0 00h00, 01h30 et 03h00.<\/p>\n<p>Plus d\u2019informations sur<a title=\" www.tout-envia.com\" href=\"http:\/\/%20www.tout-envia.com\/\" target=\"_blank\">\u00a0www.tout-envia.com<\/a>\u00a0ou au 0810000818<\/p>\n<figure id=\"attachment_3072\" aria-describedby=\"caption-attachment-3072\" style=\"width: 400px\" class=\"wp-caption aligncenter\"><a href=\"http:\/\/www.tacoandco.fr\/wp-content\/uploads\/2014\/09\/F\u00e9ria-2014-\u00e0-Arles-avec-Envia.jpg\"><img fetchpriority=\"high\" decoding=\"async\" class=\"size-full wp-image-3072\" src=\"http:\/\/www.tacoandco.fr\/wp-content\/uploads\/2014\/09\/F\u00e9ria-2014-\u00e0-Arles-avec-Envia.jpg\" alt=\"F\u00e9ria 2014 \u00e0 Arles avec Envia\" width=\"400\" height=\"600\" srcset=\"https:\/\/www.tacoandco.fr\/wp-content\/uploads\/2014\/09\/F\u00e9ria-2014-\u00e0-Arles-avec-Envia.jpg 400w, https:\/\/www.tacoandco.fr\/wp-content\/uploads\/2014\/09\/F\u00e9ria-2014-\u00e0-Arles-avec-Envia-200x300.jpg 200w\" sizes=\"(max-width: 400px) 100vw, 400px\" \/><\/a><figcaption id=\"caption-attachment-3072\" class=\"wp-caption-text\">F\u00e9ria 2014 \u00e0 Arles avec Envia<\/figcaption><\/figure>\n<figure id=\"attachment_3073\" aria-describedby=\"caption-attachment-3073\" style=\"width: 400px\" class=\"wp-caption aligncenter\"><a href=\"http:\/\/www.tacoandco.fr\/wp-content\/uploads\/2014\/09\/F\u00e9ria-dArles-du-12-au-14-septembre-2014.jpg\"><img decoding=\"async\" class=\"size-full wp-image-3073\" src=\"http:\/\/www.tacoandco.fr\/wp-content\/uploads\/2014\/09\/F\u00e9ria-dArles-du-12-au-14-septembre-2014.jpg\" alt=\"F\u00e9ria d'Arles du 12 au 14 septembre 2014\" width=\"400\" height=\"600\" srcset=\"https:\/\/www.tacoandco.fr\/wp-content\/uploads\/2014\/09\/F\u00e9ria-dArles-du-12-au-14-septembre-2014.jpg 400w, https:\/\/www.tacoandco.fr\/wp-content\/uploads\/2014\/09\/F\u00e9ria-dArles-du-12-au-14-septembre-2014-200x300.jpg 200w\" sizes=\"(max-width: 400px) 100vw, 400px\" \/><\/a><figcaption id=\"caption-attachment-3073\" class=\"wp-caption-text\">F\u00e9ria d&rsquo;Arles du 12 au 14 septembre 2014<\/figcaption><\/figure>\n<p>&nbsp;<\/p>\n<p>&nbsp;<\/p>","protected":false},"excerpt":{"rendered":"<p>A l&rsquo;occasion de la f\u00e9ria de P\u00e2ques 2014 \u00e0 Arles, qui aura lieu du 12 au 14 septembre\u00a02014, le r\u00e9seau Envia met \u00e0 votre disposition des bus nocturnes et gratuits pour vous ramener chez vous. Les 12 et 13 septembre, pour rentrer de la f\u00e9ria d&rsquo;Arles, n\u2019h\u00e9sitez \u00e0 utiliser les navettes gratuites d\u2019Envia au d\u00e9part [&hellip;]<\/p>","protected":false},"author":2,"featured_media":3072,"comment_status":"closed","ping_status":"closed","sticky":false,"template":"","format":"standard","meta":{"footnotes":""},"categories":[4,3],"tags":[],"class_list":["post-3071","post","type-post","status-publish","format-standard","has-post-thumbnail","hentry","category-accueil","category-actualites","entry","has-media"],"aioseo_notices":[],"_links":{"self":[{"href":"https:\/\/www.tacoandco.fr\/en\/wp-json\/wp\/v2\/posts\/3071","targetHints":{"allow":["GET"]}}],"collection":[{"href":"https:\/\/www.tacoandco.fr\/en\/wp-json\/wp\/v2\/posts"}],"about":[{"href":"https:\/\/www.tacoandco.fr\/en\/wp-json\/wp\/v2\/types\/post"}],"author":[{"embeddable":true,"href":"https:\/\/www.tacoandco.fr\/en\/wp-json\/wp\/v2\/users\/2"}],"replies":[{"embeddable":true,"href":"https:\/\/www.tacoandco.fr\/en\/wp-json\/wp\/v2\/comments?post=3071"}],"version-history":[{"count":1,"href":"https:\/\/www.tacoandco.fr\/en\/wp-json\/wp\/v2\/posts\/3071\/revisions"}],"predecessor-version":[{"id":3074,"href":"https:\/\/www.tacoandco.fr\/en\/wp-json\/wp\/v2\/posts\/3071\/revisions\/3074"}],"wp:featuredmedia":[{"embeddable":true,"href":"https:\/\/www.tacoandco.fr\/en\/wp-json\/wp\/v2\/media\/3072"}],"wp:attachment":[{"href":"https:\/\/www.tacoandco.fr\/en\/wp-json\/wp\/v2\/media?parent=3071"}],"wp:term":[{"taxonomy":"category","embeddable":true,"href":"https:\/\/www.tacoandco.fr\/en\/wp-json\/wp\/v2\/categories?post=3071"},{"taxonomy":"post_tag","embeddable":true,"href":"https:\/\/www.tacoandco.fr\/en\/wp-json\/wp\/v2\/tags?post=3071"}],"curies":[{"name":"wp","href":"https:\/\/api.w.org\/{rel}","templated":true}]}}