{"id":3079,"date":"2014-09-10T12:49:47","date_gmt":"2014-09-10T12:49:47","guid":{"rendered":"http:\/\/www.tacoandco.fr\/?p=3079"},"modified":"2014-10-02T11:47:34","modified_gmt":"2014-10-02T11:47:34","slug":"les-journees-europeennes-du-patrimoine-20-et-21-septembre-2014-a-arles","status":"publish","type":"post","link":"https:\/\/www.tacoandco.fr\/en\/blog\/2014\/09\/10\/les-journees-europeennes-du-patrimoine-20-et-21-septembre-2014-a-arles\/","title":{"rendered":"Les journ\u00e9es Europ\u00e9ennes du Patrimoine, 20 et 21 septembre 2014 \u00e0 Arles."},"content":{"rendered":"<p>A \u00a0l&rsquo;occasion des journ\u00e9es Europ\u00e9ennes du Patrimoine qui auront lieu du 20 au 21 septembre 2014, venez nombreux d\u00e9couvrir toutes les richesses du patrimoine culturel et naturel d&rsquo;Arles et de sa r\u00e9gion \u00e0 travers les balades du conseil g\u00e9n\u00e9ral.<\/p>\n<p>Les balades propos\u00e9 par le CG13 vous emm\u00e8neront de l\u2019h\u00f4tel du d\u00e9partement , aux archives de la biblioth\u00e8que d\u00e9partementale, en passant par le chateau d&rsquo;Avignon, le mus\u00e9e Arlaten ou encore le MDAA&#8230;..<\/p>\n<p>Vous trouverez toutes les informations pratiques sur: <a title=\"www.culture-13.fr\" href=\"http:\/\/www.culture-13.fr\" target=\"_blank\">www.culture-13.fr<\/a><\/p>\n<p>Acc\u00e9s gratuit sur tous les sites dans la mesure des place disponibles.<\/p>\n<figure id=\"attachment_3092\" aria-describedby=\"caption-attachment-3092\" style=\"width: 800px\" class=\"wp-caption aligncenter\"><a href=\"http:\/\/www.tacoandco.fr\/wp-content\/uploads\/2014\/09\/Journ\u00e9es-du-Patrimoine-Arles-2014-2-Copier.jpg\"><img fetchpriority=\"high\" decoding=\"async\" class=\"size-full wp-image-3092\" src=\"http:\/\/www.tacoandco.fr\/wp-content\/uploads\/2014\/09\/Journ\u00e9es-du-Patrimoine-Arles-2014-2-Copier.jpg\" alt=\"Journ\u00e9es du Patrimoine Arles 2014\" width=\"800\" height=\"533\" srcset=\"https:\/\/www.tacoandco.fr\/wp-content\/uploads\/2014\/09\/Journ\u00e9es-du-Patrimoine-Arles-2014-2-Copier.jpg 800w, https:\/\/www.tacoandco.fr\/wp-content\/uploads\/2014\/09\/Journ\u00e9es-du-Patrimoine-Arles-2014-2-Copier-300x199.jpg 300w\" sizes=\"(max-width: 800px) 100vw, 800px\" \/><\/a><figcaption id=\"caption-attachment-3092\" class=\"wp-caption-text\">Journ\u00e9es du Patrimoine Arles 2014<\/figcaption><\/figure>\n<figure id=\"attachment_3082\" aria-describedby=\"caption-attachment-3082\" style=\"width: 400px\" class=\"wp-caption aligncenter\"><a href=\"http:\/\/www.tacoandco.fr\/wp-content\/uploads\/2014\/09\/Journ\u00e9es-Europ\u00e9ennes-du-Patrimoine-20-et-21-septembre-2014-2-Copier.jpg\"><img decoding=\"async\" class=\"size-full wp-image-3082\" src=\"http:\/\/www.tacoandco.fr\/wp-content\/uploads\/2014\/09\/Journ\u00e9es-Europ\u00e9ennes-du-Patrimoine-20-et-21-septembre-2014-2-Copier.jpg\" alt=\"Journ\u00e9es Europ\u00e9ennes du Patrimoine, 20 et 21 septembre 2014 \" width=\"400\" height=\"600\" srcset=\"https:\/\/www.tacoandco.fr\/wp-content\/uploads\/2014\/09\/Journ\u00e9es-Europ\u00e9ennes-du-Patrimoine-20-et-21-septembre-2014-2-Copier.jpg 400w, https:\/\/www.tacoandco.fr\/wp-content\/uploads\/2014\/09\/Journ\u00e9es-Europ\u00e9ennes-du-Patrimoine-20-et-21-septembre-2014-2-Copier-200x300.jpg 200w\" sizes=\"(max-width: 400px) 100vw, 400px\" \/><\/a><figcaption id=\"caption-attachment-3082\" class=\"wp-caption-text\">Journ\u00e9es Europ\u00e9ennes du Patrimoine, 20 et 21 septembre 2014<\/figcaption><\/figure>\n<figure id=\"attachment_3081\" aria-describedby=\"caption-attachment-3081\" style=\"width: 400px\" class=\"wp-caption aligncenter\"><a href=\"http:\/\/www.tacoandco.fr\/wp-content\/uploads\/2014\/09\/Journ\u00e9es-Europ\u00e9ennes-du-Patrimoine-20-et-21-septembre-2014-1-Copier.jpg\"><img decoding=\"async\" class=\"size-full wp-image-3081\" src=\"http:\/\/www.tacoandco.fr\/wp-content\/uploads\/2014\/09\/Journ\u00e9es-Europ\u00e9ennes-du-Patrimoine-20-et-21-septembre-2014-1-Copier.jpg\" alt=\"Journ\u00e9es Europ\u00e9ennes du Patrimoine, 20 et 21 septembre 2014\" width=\"400\" height=\"600\" srcset=\"https:\/\/www.tacoandco.fr\/wp-content\/uploads\/2014\/09\/Journ\u00e9es-Europ\u00e9ennes-du-Patrimoine-20-et-21-septembre-2014-1-Copier.jpg 400w, https:\/\/www.tacoandco.fr\/wp-content\/uploads\/2014\/09\/Journ\u00e9es-Europ\u00e9ennes-du-Patrimoine-20-et-21-septembre-2014-1-Copier-200x300.jpg 200w\" sizes=\"(max-width: 400px) 100vw, 400px\" \/><\/a><figcaption id=\"caption-attachment-3081\" class=\"wp-caption-text\">Journ\u00e9es Europ\u00e9ennes du Patrimoine, 20 et 21 septembre 2014<\/figcaption><\/figure>\n<figure id=\"attachment_3080\" aria-describedby=\"caption-attachment-3080\" style=\"width: 400px\" class=\"wp-caption aligncenter\"><a href=\"http:\/\/www.tacoandco.fr\/wp-content\/uploads\/2014\/09\/Journ\u00e9es-Europ\u00e9ennes-du-Patrimoine-\u00e0-Arles-Copier.jpg\"><img loading=\"lazy\" decoding=\"async\" class=\"size-full wp-image-3080\" src=\"http:\/\/www.tacoandco.fr\/wp-content\/uploads\/2014\/09\/Journ\u00e9es-Europ\u00e9ennes-du-Patrimoine-\u00e0-Arles-Copier.jpg\" alt=\"Journ\u00e9es Europ\u00e9ennes du Patrimoine \u00e0 Arles (\" width=\"400\" height=\"600\" srcset=\"https:\/\/www.tacoandco.fr\/wp-content\/uploads\/2014\/09\/Journ\u00e9es-Europ\u00e9ennes-du-Patrimoine-\u00e0-Arles-Copier.jpg 400w, https:\/\/www.tacoandco.fr\/wp-content\/uploads\/2014\/09\/Journ\u00e9es-Europ\u00e9ennes-du-Patrimoine-\u00e0-Arles-Copier-200x300.jpg 200w\" sizes=\"(max-width: 400px) 100vw, 400px\" \/><\/a><figcaption id=\"caption-attachment-3080\" class=\"wp-caption-text\">Journ\u00e9es Europ\u00e9ennes du Patrimoine \u00e0 Arles (<\/figcaption><\/figure>\n<p>&nbsp;<\/p>","protected":false},"excerpt":{"rendered":"<p>A \u00a0l&rsquo;occasion des journ\u00e9es Europ\u00e9ennes du Patrimoine qui auront lieu du 20 au 21 septembre 2014, venez nombreux d\u00e9couvrir toutes les richesses du patrimoine culturel et naturel d&rsquo;Arles et de sa r\u00e9gion \u00e0 travers les balades du conseil g\u00e9n\u00e9ral. Les balades propos\u00e9 par le CG13 vous emm\u00e8neront de l\u2019h\u00f4tel du d\u00e9partement , aux archives de [&hellip;]<\/p>","protected":false},"author":2,"featured_media":3082,"comment_status":"closed","ping_status":"closed","sticky":false,"template":"","format":"standard","meta":{"footnotes":""},"categories":[4,3],"tags":[],"class_list":["post-3079","post","type-post","status-publish","format-standard","has-post-thumbnail","hentry","category-accueil","category-actualites","entry","has-media"],"aioseo_notices":[],"_links":{"self":[{"href":"https:\/\/www.tacoandco.fr\/en\/wp-json\/wp\/v2\/posts\/3079","targetHints":{"allow":["GET"]}}],"collection":[{"href":"https:\/\/www.tacoandco.fr\/en\/wp-json\/wp\/v2\/posts"}],"about":[{"href":"https:\/\/www.tacoandco.fr\/en\/wp-json\/wp\/v2\/types\/post"}],"author":[{"embeddable":true,"href":"https:\/\/www.tacoandco.fr\/en\/wp-json\/wp\/v2\/users\/2"}],"replies":[{"embeddable":true,"href":"https:\/\/www.tacoandco.fr\/en\/wp-json\/wp\/v2\/comments?post=3079"}],"version-history":[{"count":3,"href":"https:\/\/www.tacoandco.fr\/en\/wp-json\/wp\/v2\/posts\/3079\/revisions"}],"predecessor-version":[{"id":3115,"href":"https:\/\/www.tacoandco.fr\/en\/wp-json\/wp\/v2\/posts\/3079\/revisions\/3115"}],"wp:featuredmedia":[{"embeddable":true,"href":"https:\/\/www.tacoandco.fr\/en\/wp-json\/wp\/v2\/media\/3082"}],"wp:attachment":[{"href":"https:\/\/www.tacoandco.fr\/en\/wp-json\/wp\/v2\/media?parent=3079"}],"wp:term":[{"taxonomy":"category","embeddable":true,"href":"https:\/\/www.tacoandco.fr\/en\/wp-json\/wp\/v2\/categories?post=3079"},{"taxonomy":"post_tag","embeddable":true,"href":"https:\/\/www.tacoandco.fr\/en\/wp-json\/wp\/v2\/tags?post=3079"}],"curies":[{"name":"wp","href":"https:\/\/api.w.org\/{rel}","templated":true}]}}