{"id":3089,"date":"2014-09-18T06:42:59","date_gmt":"2014-09-18T06:42:59","guid":{"rendered":"http:\/\/www.tacoandco.fr\/?p=3089"},"modified":"2014-09-18T06:43:29","modified_gmt":"2014-09-18T06:43:29","slug":"journees-du-patrimoine-2014-a-arles-le-museon-arlaten-deballe-tout","status":"publish","type":"post","link":"https:\/\/www.tacoandco.fr\/en\/blog\/2014\/09\/18\/journees-du-patrimoine-2014-a-arles-le-museon-arlaten-deballe-tout\/","title":{"rendered":"Journ\u00e9es du patrimoine 2014 \u00e0 Arles, le museon Arlaten d\u00e9balle tout !!!"},"content":{"rendered":"<p><strong>Les journ\u00e9es du Patrimoine auront lieu les 20 et 21 septembre 2014 \u00e0 Arles.<\/strong><\/p>\n<p><strong>A l&rsquo;occasion des journ\u00e9es du Patrimoine, le mus\u00e9e Arlaten pr\u00e9sente l&rsquo;exposition \u00ab\u00a0Le museon d\u00e9balle tout\u00a0\u00bb le Samedi 20 septembre 2014, de 11h \u00e0 19h \u00e0 Arles (rues R\u00e9publique, Jean Jaur\u00e8s et Pr\u00e9sident Wilson)<\/strong><\/p>\n<p>Que se passe-t-il derri\u00e8re les portes ferm\u00e9es du mus\u00e9e ? Quel est la promesse du Museon Arlaten r\u00e9nov\u00e9 ?<\/p>\n<p>Le temps d\u2019une journ\u00e9e, alors que les travaux commenceront dans quelques mois, le Museon Arlaten vous invite chez les commer\u00e7ants alentours pour vous pr\u00e9senter les coulisses de la r\u00e9novation. Et pour une vision po\u00e9tique et onirique de ces chantiers d\u2019envergure, Fabrice Pardoux, Corinne S\u00e9rapion et Jean-Fran\u00e7ois V\u00e9ran d\u00e9voileront les secrets d\u2019un mus\u00e9e en pleine m\u00e9tamorphose. Un ap\u00e9ritif viendra cl\u00f4turer cette journ\u00e9e \u00e0 18h30. Vous pourrez rencontrer un professionnel du mus\u00e9e dans les commerces concern\u00e9s aux rendez-vous suivants : <strong>11h, 14h30, 16h30 et 18h.<\/strong><\/p>\n<p>Pour plus d&rsquo;informations:\u00a0<a title=\"http:\/\/www.museonarlaten.fr\/museon\/CG13\/\" href=\"http:\/\/www.museonarlaten.fr\/museon\/CG13\/\" target=\"_blank\">http:\/\/www.museonarlaten.fr\/museon\/CG13\/<\/a><\/p>\n<figure id=\"attachment_3092\" aria-describedby=\"caption-attachment-3092\" style=\"width: 800px\" class=\"wp-caption aligncenter\"><a href=\"http:\/\/www.tacoandco.fr\/wp-content\/uploads\/2014\/09\/Journ\u00e9es-du-Patrimoine-Arles-2014-2-Copier.jpg\"><img fetchpriority=\"high\" decoding=\"async\" class=\"size-full wp-image-3092\" src=\"http:\/\/www.tacoandco.fr\/wp-content\/uploads\/2014\/09\/Journ\u00e9es-du-Patrimoine-Arles-2014-2-Copier.jpg\" alt=\"Journ\u00e9es du Patrimoine Arles 2014\" width=\"800\" height=\"533\" srcset=\"https:\/\/www.tacoandco.fr\/wp-content\/uploads\/2014\/09\/Journ\u00e9es-du-Patrimoine-Arles-2014-2-Copier.jpg 800w, https:\/\/www.tacoandco.fr\/wp-content\/uploads\/2014\/09\/Journ\u00e9es-du-Patrimoine-Arles-2014-2-Copier-300x199.jpg 300w\" sizes=\"(max-width: 800px) 100vw, 800px\" \/><\/a><figcaption id=\"caption-attachment-3092\" class=\"wp-caption-text\">Journ\u00e9es du Patrimoine Arles 2014<\/figcaption><\/figure>\n<figure id=\"attachment_3082\" aria-describedby=\"caption-attachment-3082\" style=\"width: 400px\" class=\"wp-caption aligncenter\"><a href=\"http:\/\/www.tacoandco.fr\/wp-content\/uploads\/2014\/09\/Journ\u00e9es-Europ\u00e9ennes-du-Patrimoine-20-et-21-septembre-2014-2-Copier.jpg\"><img decoding=\"async\" class=\"size-full wp-image-3082\" src=\"http:\/\/www.tacoandco.fr\/wp-content\/uploads\/2014\/09\/Journ\u00e9es-Europ\u00e9ennes-du-Patrimoine-20-et-21-septembre-2014-2-Copier.jpg\" alt=\"Journ\u00e9es Europ\u00e9ennes du Patrimoine, 20 et 21 septembre 2014\" width=\"400\" height=\"600\" srcset=\"https:\/\/www.tacoandco.fr\/wp-content\/uploads\/2014\/09\/Journ\u00e9es-Europ\u00e9ennes-du-Patrimoine-20-et-21-septembre-2014-2-Copier.jpg 400w, https:\/\/www.tacoandco.fr\/wp-content\/uploads\/2014\/09\/Journ\u00e9es-Europ\u00e9ennes-du-Patrimoine-20-et-21-septembre-2014-2-Copier-200x300.jpg 200w\" sizes=\"(max-width: 400px) 100vw, 400px\" \/><\/a><figcaption id=\"caption-attachment-3082\" class=\"wp-caption-text\">Journ\u00e9es Europ\u00e9ennes du Patrimoine, 20 et 21 septembre 2014<\/figcaption><\/figure>\n<p>&nbsp;<\/p>\n<p>&nbsp;<\/p>\n<p>&nbsp;<\/p>\n<p>&nbsp;<\/p>","protected":false},"excerpt":{"rendered":"<p>Les journ\u00e9es du Patrimoine auront lieu les 20 et 21 septembre 2014 \u00e0 Arles. A l&rsquo;occasion des journ\u00e9es du Patrimoine, le mus\u00e9e Arlaten pr\u00e9sente l&rsquo;exposition \u00ab\u00a0Le museon d\u00e9balle tout\u00a0\u00bb le Samedi 20 septembre 2014, de 11h \u00e0 19h \u00e0 Arles (rues R\u00e9publique, Jean Jaur\u00e8s et Pr\u00e9sident Wilson) Que se passe-t-il derri\u00e8re les portes ferm\u00e9es du [&hellip;]<\/p>","protected":false},"author":2,"featured_media":3080,"comment_status":"closed","ping_status":"closed","sticky":false,"template":"","format":"standard","meta":{"footnotes":""},"categories":[4,3],"tags":[],"class_list":["post-3089","post","type-post","status-publish","format-standard","has-post-thumbnail","hentry","category-accueil","category-actualites","entry","has-media"],"aioseo_notices":[],"_links":{"self":[{"href":"https:\/\/www.tacoandco.fr\/en\/wp-json\/wp\/v2\/posts\/3089","targetHints":{"allow":["GET"]}}],"collection":[{"href":"https:\/\/www.tacoandco.fr\/en\/wp-json\/wp\/v2\/posts"}],"about":[{"href":"https:\/\/www.tacoandco.fr\/en\/wp-json\/wp\/v2\/types\/post"}],"author":[{"embeddable":true,"href":"https:\/\/www.tacoandco.fr\/en\/wp-json\/wp\/v2\/users\/2"}],"replies":[{"embeddable":true,"href":"https:\/\/www.tacoandco.fr\/en\/wp-json\/wp\/v2\/comments?post=3089"}],"version-history":[{"count":4,"href":"https:\/\/www.tacoandco.fr\/en\/wp-json\/wp\/v2\/posts\/3089\/revisions"}],"predecessor-version":[{"id":3095,"href":"https:\/\/www.tacoandco.fr\/en\/wp-json\/wp\/v2\/posts\/3089\/revisions\/3095"}],"wp:featuredmedia":[{"embeddable":true,"href":"https:\/\/www.tacoandco.fr\/en\/wp-json\/wp\/v2\/media\/3080"}],"wp:attachment":[{"href":"https:\/\/www.tacoandco.fr\/en\/wp-json\/wp\/v2\/media?parent=3089"}],"wp:term":[{"taxonomy":"category","embeddable":true,"href":"https:\/\/www.tacoandco.fr\/en\/wp-json\/wp\/v2\/categories?post=3089"},{"taxonomy":"post_tag","embeddable":true,"href":"https:\/\/www.tacoandco.fr\/en\/wp-json\/wp\/v2\/tags?post=3089"}],"curies":[{"name":"wp","href":"https:\/\/api.w.org\/{rel}","templated":true}]}}