{"id":3096,"date":"2014-09-22T10:32:51","date_gmt":"2014-09-22T10:32:51","guid":{"rendered":"http:\/\/www.tacoandco.fr\/?p=3096"},"modified":"2014-09-22T10:32:51","modified_gmt":"2014-09-22T10:32:51","slug":"musiques-en-balade-15-concerts-gratuits-au-coeur-de-notre-patrimoine-jusquau-28-septembre-2014","status":"publish","type":"post","link":"https:\/\/www.tacoandco.fr\/en\/blog\/2014\/09\/22\/musiques-en-balade-15-concerts-gratuits-au-coeur-de-notre-patrimoine-jusquau-28-septembre-2014\/","title":{"rendered":"Musiques en balade: 15 concerts gratuits au c\u0153ur de notre patrimoine jusqu&rsquo;au 28 septembre 2014"},"content":{"rendered":"<p>Musiques en balade, c&rsquo;est 15 concerts gartuits dont 9 \u00e0 Arles, au coeur de notre patrimoine.<\/p>\n<p>Le festival \u00ab\u00a0Musiques en balade\u00a0\u00bb propos\u00e9 par la communaut\u00e9 d&rsquo;agglom\u00e9ration des communes ACCM Arles Crau Camargue Montagnette se d\u00e9roulera du 19 au 28 septembre 2014.<\/p>\n<p>L&rsquo;ACCM,\u00a0 dans la continuit\u00e9 des journ\u00e9es du patrimoine, vous propose u<span style=\"color: #141823;\">ne manifestation musicale \u00e9clectique dans des lieux remarquables tels que l&rsquo;abbaye de Montmajour, la cour de l\u2019Archev\u00each\u00e9, l&rsquo;\u00e9glise Saint C\u00e9saire d&rsquo;Arles, le ch\u00e2teau de Tarascon&#8230;&#8230;<\/span><\/p>\n<p>Toutes les informations et la programmation sur:\u00a0<a title=\"http:\/\/www.agglo-accm.fr\/accueil-accm\/actualites\/conservatoire-de-musique\/musiques-en-balade.html\" href=\"http:\/\/www.agglo-accm.fr\/accueil-accm\/actualites\/conservatoire-de-musique\/musiques-en-balade.html\" target=\"_blank\">http:\/\/www.agglo-accm.fr\/accueil-accm\/actualites\/conservatoire-de-musique\/musiques-en-balade.html<\/a><\/p>\n<figure id=\"attachment_3098\" aria-describedby=\"caption-attachment-3098\" style=\"width: 400px\" class=\"wp-caption aligncenter\"><a href=\"http:\/\/www.tacoandco.fr\/wp-content\/uploads\/2014\/09\/Musiques-en-balade-avec-ACCM-2-Copier.jpg\"><img fetchpriority=\"high\" decoding=\"async\" class=\"size-full wp-image-3098\" src=\"http:\/\/www.tacoandco.fr\/wp-content\/uploads\/2014\/09\/Musiques-en-balade-avec-ACCM-2-Copier.jpg\" alt=\"Musiques en balade avec ACCM \" width=\"400\" height=\"600\" srcset=\"https:\/\/www.tacoandco.fr\/wp-content\/uploads\/2014\/09\/Musiques-en-balade-avec-ACCM-2-Copier.jpg 400w, https:\/\/www.tacoandco.fr\/wp-content\/uploads\/2014\/09\/Musiques-en-balade-avec-ACCM-2-Copier-200x300.jpg 200w\" sizes=\"(max-width: 400px) 100vw, 400px\" \/><\/a><figcaption id=\"caption-attachment-3098\" class=\"wp-caption-text\">Musiques en balade avec ACCM<\/figcaption><\/figure>\n<p>&nbsp;<\/p>","protected":false},"excerpt":{"rendered":"<p>Musiques en balade, c&rsquo;est 15 concerts gartuits dont 9 \u00e0 Arles, au coeur de notre patrimoine. Le festival \u00ab\u00a0Musiques en balade\u00a0\u00bb propos\u00e9 par la communaut\u00e9 d&rsquo;agglom\u00e9ration des communes ACCM Arles Crau Camargue Montagnette se d\u00e9roulera du 19 au 28 septembre 2014. L&rsquo;ACCM,\u00a0 dans la continuit\u00e9 des journ\u00e9es du patrimoine, vous propose une manifestation musicale \u00e9clectique [&hellip;]<\/p>","protected":false},"author":2,"featured_media":3097,"comment_status":"closed","ping_status":"closed","sticky":false,"template":"","format":"standard","meta":{"footnotes":""},"categories":[4,3],"tags":[],"class_list":["post-3096","post","type-post","status-publish","format-standard","has-post-thumbnail","hentry","category-accueil","category-actualites","entry","has-media"],"aioseo_notices":[],"_links":{"self":[{"href":"https:\/\/www.tacoandco.fr\/en\/wp-json\/wp\/v2\/posts\/3096","targetHints":{"allow":["GET"]}}],"collection":[{"href":"https:\/\/www.tacoandco.fr\/en\/wp-json\/wp\/v2\/posts"}],"about":[{"href":"https:\/\/www.tacoandco.fr\/en\/wp-json\/wp\/v2\/types\/post"}],"author":[{"embeddable":true,"href":"https:\/\/www.tacoandco.fr\/en\/wp-json\/wp\/v2\/users\/2"}],"replies":[{"embeddable":true,"href":"https:\/\/www.tacoandco.fr\/en\/wp-json\/wp\/v2\/comments?post=3096"}],"version-history":[{"count":2,"href":"https:\/\/www.tacoandco.fr\/en\/wp-json\/wp\/v2\/posts\/3096\/revisions"}],"predecessor-version":[{"id":3100,"href":"https:\/\/www.tacoandco.fr\/en\/wp-json\/wp\/v2\/posts\/3096\/revisions\/3100"}],"wp:featuredmedia":[{"embeddable":true,"href":"https:\/\/www.tacoandco.fr\/en\/wp-json\/wp\/v2\/media\/3097"}],"wp:attachment":[{"href":"https:\/\/www.tacoandco.fr\/en\/wp-json\/wp\/v2\/media?parent=3096"}],"wp:term":[{"taxonomy":"category","embeddable":true,"href":"https:\/\/www.tacoandco.fr\/en\/wp-json\/wp\/v2\/categories?post=3096"},{"taxonomy":"post_tag","embeddable":true,"href":"https:\/\/www.tacoandco.fr\/en\/wp-json\/wp\/v2\/tags?post=3096"}],"curies":[{"name":"wp","href":"https:\/\/api.w.org\/{rel}","templated":true}]}}