{"id":3102,"date":"2014-09-23T08:56:22","date_gmt":"2014-09-23T08:56:22","guid":{"rendered":"http:\/\/www.tacoandco.fr\/?p=3102"},"modified":"2014-09-23T08:56:22","modified_gmt":"2014-09-23T08:56:22","slug":"lagence-arlesienne-vous-propose-a-la-vente-un-mas-du-19eme-a-deux-pas-du-centre-historique-darles","status":"publish","type":"post","link":"https:\/\/www.tacoandco.fr\/en\/blog\/2014\/09\/23\/lagence-arlesienne-vous-propose-a-la-vente-un-mas-du-19eme-a-deux-pas-du-centre-historique-darles\/","title":{"rendered":"L&rsquo;Agence Arl\u00e9sienne vous propose \u00e0 la vente un mas du 19\u00e8me \u00e0 deux pas du centre historique d&rsquo;Arles"},"content":{"rendered":"<p>L&rsquo;agence Arl\u00e9sienne, agence immobili\u00e8re sp\u00e9cialis\u00e9e\u00a0dans le centre historique d&rsquo;Arles vous propose \u00e0 la vente un mas du 19\u00e8me si\u00e8cle \u00e0 duex pas du centre ancien d&rsquo;Arles.<\/p>\n<p>B\u00e2ti sur un jardin de plus de 1450 m\u00b2, ce masdu 19\u00e8me plein de charme expos\u00e9 plein sud vous s\u00e9duira par sa qui\u00e9tude. Il comprend deux salons, une salle \u00e0 manger, cinq chambres et d\u00e9pendances sur une surface totale d&rsquo;environ 230 m\u00b2 avec la possibilit\u00e9 de cr\u00e9er une piscine.<\/p>\n<p>Toutes les informations sur ce mas et les autres biens \u00e0 la vente ou \u00e0 la location sur le site de l&rsquo;Agence Arl\u00e9sienne:\u00a0<a style=\"font-weight: bold; color: #000000;\" title=\"http:\/\/www.lagencearlesienne.com\/\" href=\"http:\/\/www.lagencearlesienne.com\/\" target=\"_blank\">http:\/\/www.lagencearlesienne.com\/<\/a><\/p>\n<figure id=\"attachment_2800\" aria-describedby=\"caption-attachment-2800\" style=\"width: 432px\" class=\"wp-caption aligncenter\"><a href=\"http:\/\/www.tacoandco.fr\/wp-content\/uploads\/2014\/02\/WP_20140212_09_38_59_Pro-Copier.jpg\"><img fetchpriority=\"high\" decoding=\"async\" class=\"size-full wp-image-2800\" src=\"http:\/\/www.tacoandco.fr\/wp-content\/uploads\/2014\/02\/WP_20140212_09_38_59_Pro-Copier.jpg\" alt=\"L'agence Arl\u00e9sienne, l'immobilier du centre historique d'Arles\" width=\"432\" height=\"768\" srcset=\"https:\/\/www.tacoandco.fr\/wp-content\/uploads\/2014\/02\/WP_20140212_09_38_59_Pro-Copier.jpg 432w, https:\/\/www.tacoandco.fr\/wp-content\/uploads\/2014\/02\/WP_20140212_09_38_59_Pro-Copier-168x300.jpg 168w\" sizes=\"(max-width: 432px) 100vw, 432px\" \/><\/a><figcaption id=\"caption-attachment-2800\" class=\"wp-caption-text\">L&rsquo;agence Arl\u00e9sienne, l&rsquo;immobilier du centre historique d&rsquo;Arles<\/figcaption><\/figure>\n<figure id=\"attachment_3104\" aria-describedby=\"caption-attachment-3104\" style=\"width: 1024px\" class=\"wp-caption aligncenter\"><a href=\"http:\/\/www.tacoandco.fr\/wp-content\/uploads\/2014\/09\/Agence-Arl\u00e9sienne-Mas-du-19\u00e8me-si\u00e8cle.jpg\"><img decoding=\"async\" class=\"size-large wp-image-3104\" src=\"http:\/\/www.tacoandco.fr\/wp-content\/uploads\/2014\/09\/Agence-Arl\u00e9sienne-Mas-du-19\u00e8me-si\u00e8cle-1024x876.jpg\" alt=\"Agence Arl\u00e9sienne Mas du 19\u00e8me si\u00e8cle\" width=\"1024\" height=\"876\" srcset=\"https:\/\/www.tacoandco.fr\/wp-content\/uploads\/2014\/09\/Agence-Arl\u00e9sienne-Mas-du-19\u00e8me-si\u00e8cle-1024x876.jpg 1024w, https:\/\/www.tacoandco.fr\/wp-content\/uploads\/2014\/09\/Agence-Arl\u00e9sienne-Mas-du-19\u00e8me-si\u00e8cle-300x256.jpg 300w, https:\/\/www.tacoandco.fr\/wp-content\/uploads\/2014\/09\/Agence-Arl\u00e9sienne-Mas-du-19\u00e8me-si\u00e8cle.jpg 2048w\" sizes=\"(max-width: 1024px) 100vw, 1024px\" \/><\/a><figcaption id=\"caption-attachment-3104\" class=\"wp-caption-text\">Agence Arl\u00e9sienne Mas du 19\u00e8me si\u00e8cle<\/figcaption><\/figure>\n<figure id=\"attachment_3105\" aria-describedby=\"caption-attachment-3105\" style=\"width: 1024px\" class=\"wp-caption aligncenter\"><a href=\"http:\/\/www.tacoandco.fr\/wp-content\/uploads\/2014\/09\/Mas-du-19\u00e8me-Arles-Agence-Arl\u00e9sienne.jpg\"><img decoding=\"async\" class=\"size-large wp-image-3105\" src=\"http:\/\/www.tacoandco.fr\/wp-content\/uploads\/2014\/09\/Mas-du-19\u00e8me-Arles-Agence-Arl\u00e9sienne-1024x452.jpg\" alt=\"Mas du 19\u00e8me Arles Agence Arl\u00e9sienne\" width=\"1024\" height=\"452\" srcset=\"https:\/\/www.tacoandco.fr\/wp-content\/uploads\/2014\/09\/Mas-du-19\u00e8me-Arles-Agence-Arl\u00e9sienne-1024x452.jpg 1024w, https:\/\/www.tacoandco.fr\/wp-content\/uploads\/2014\/09\/Mas-du-19\u00e8me-Arles-Agence-Arl\u00e9sienne-300x132.jpg 300w, https:\/\/www.tacoandco.fr\/wp-content\/uploads\/2014\/09\/Mas-du-19\u00e8me-Arles-Agence-Arl\u00e9sienne.jpg 2048w\" sizes=\"(max-width: 1024px) 100vw, 1024px\" \/><\/a><figcaption id=\"caption-attachment-3105\" class=\"wp-caption-text\">Mas du 19\u00e8me Arles Agence Arl\u00e9sienne<\/figcaption><\/figure>\n<figure id=\"attachment_3103\" aria-describedby=\"caption-attachment-3103\" style=\"width: 1024px\" class=\"wp-caption aligncenter\"><a href=\"http:\/\/www.tacoandco.fr\/wp-content\/uploads\/2014\/09\/Mas-du-19\u00e8me-Agence-Arl\u00e9sienne.jpg\"><img loading=\"lazy\" decoding=\"async\" class=\"size-large wp-image-3103\" src=\"http:\/\/www.tacoandco.fr\/wp-content\/uploads\/2014\/09\/Mas-du-19\u00e8me-Agence-Arl\u00e9sienne-1024x790.jpg\" alt=\"Mas du 19\u00e8me Agence Arl\u00e9sienne\" width=\"1024\" height=\"790\" srcset=\"https:\/\/www.tacoandco.fr\/wp-content\/uploads\/2014\/09\/Mas-du-19\u00e8me-Agence-Arl\u00e9sienne-1024x790.jpg 1024w, https:\/\/www.tacoandco.fr\/wp-content\/uploads\/2014\/09\/Mas-du-19\u00e8me-Agence-Arl\u00e9sienne-300x231.jpg 300w, https:\/\/www.tacoandco.fr\/wp-content\/uploads\/2014\/09\/Mas-du-19\u00e8me-Agence-Arl\u00e9sienne.jpg 2048w\" sizes=\"(max-width: 1024px) 100vw, 1024px\" \/><\/a><figcaption id=\"caption-attachment-3103\" class=\"wp-caption-text\">Mas du 19\u00e8me Agence Arl\u00e9sienne<\/figcaption><\/figure>\n<p>&nbsp;<\/p>","protected":false},"excerpt":{"rendered":"<p>L&rsquo;agence Arl\u00e9sienne, agence immobili\u00e8re sp\u00e9cialis\u00e9e\u00a0dans le centre historique d&rsquo;Arles vous propose \u00e0 la vente un mas du 19\u00e8me si\u00e8cle \u00e0 duex pas du centre ancien d&rsquo;Arles. B\u00e2ti sur un jardin de plus de 1450 m\u00b2, ce masdu 19\u00e8me plein de charme expos\u00e9 plein sud vous s\u00e9duira par sa qui\u00e9tude. Il comprend deux salons, une salle [&hellip;]<\/p>","protected":false},"author":2,"featured_media":2800,"comment_status":"closed","ping_status":"closed","sticky":false,"template":"","format":"standard","meta":{"footnotes":""},"categories":[4,3],"tags":[],"class_list":["post-3102","post","type-post","status-publish","format-standard","has-post-thumbnail","hentry","category-accueil","category-actualites","entry","has-media"],"aioseo_notices":[],"_links":{"self":[{"href":"https:\/\/www.tacoandco.fr\/en\/wp-json\/wp\/v2\/posts\/3102","targetHints":{"allow":["GET"]}}],"collection":[{"href":"https:\/\/www.tacoandco.fr\/en\/wp-json\/wp\/v2\/posts"}],"about":[{"href":"https:\/\/www.tacoandco.fr\/en\/wp-json\/wp\/v2\/types\/post"}],"author":[{"embeddable":true,"href":"https:\/\/www.tacoandco.fr\/en\/wp-json\/wp\/v2\/users\/2"}],"replies":[{"embeddable":true,"href":"https:\/\/www.tacoandco.fr\/en\/wp-json\/wp\/v2\/comments?post=3102"}],"version-history":[{"count":2,"href":"https:\/\/www.tacoandco.fr\/en\/wp-json\/wp\/v2\/posts\/3102\/revisions"}],"predecessor-version":[{"id":3107,"href":"https:\/\/www.tacoandco.fr\/en\/wp-json\/wp\/v2\/posts\/3102\/revisions\/3107"}],"wp:featuredmedia":[{"embeddable":true,"href":"https:\/\/www.tacoandco.fr\/en\/wp-json\/wp\/v2\/media\/2800"}],"wp:attachment":[{"href":"https:\/\/www.tacoandco.fr\/en\/wp-json\/wp\/v2\/media?parent=3102"}],"wp:term":[{"taxonomy":"category","embeddable":true,"href":"https:\/\/www.tacoandco.fr\/en\/wp-json\/wp\/v2\/categories?post=3102"},{"taxonomy":"post_tag","embeddable":true,"href":"https:\/\/www.tacoandco.fr\/en\/wp-json\/wp\/v2\/tags?post=3102"}],"curies":[{"name":"wp","href":"https:\/\/api.w.org\/{rel}","templated":true}]}}