{"id":3109,"date":"2014-09-26T16:13:32","date_gmt":"2014-09-26T16:13:32","guid":{"rendered":"http:\/\/www.tacoandco.fr\/?p=3109"},"modified":"2014-09-26T16:13:32","modified_gmt":"2014-09-26T16:13:32","slug":"octobre-numerique-2014-du-11-au-26-octobre-a-arles","status":"publish","type":"post","link":"https:\/\/www.tacoandco.fr\/en\/blog\/2014\/09\/26\/octobre-numerique-2014-du-11-au-26-octobre-a-arles\/","title":{"rendered":"Octobre Num\u00e9rique 2014 du 11 au 26 octobre \u00e0 Arles"},"content":{"rendered":"<p style=\"color: #5c5c5c;\">\u00a0Octobre Num\u00e9rique aura lieu du 11 au 26 Octobre 2014\u00a0\u00e0 Arles.<\/p>\n<p style=\"color: #5c5c5c;\">Octobre Num\u00e9rique \u00a0est un \u00e9v\u00e9nement organis\u00e9 par la ville d\u2019Arles qui vous propose pendant 2 semaine<span style=\"color: #333333;\">s, des expositions, des conf\u00e9rences, des ateliers, des exp\u00e9rimentations et des soir\u00e9es sur le th\u00e8me du num\u00e9rique.<\/span><\/p>\n<p style=\"color: #5c5c5c;\"><span style=\"color: #333333;\">Cette cinqui\u00e8me \u00e9dition aura pour th\u00e9matique \u00ab\u00a0Le temps r\u00e9el\u00a0\u00bb. Cette probl\u00e9matique concerne aussi bien la photo, la musique, le cin\u00e9ma, les jeux vid\u00e9o en ligne, les r\u00e9seaux sociaux, les transferts des donn\u00e9es, le monde industriel\u2026<\/span><\/p>\n<p style=\"color: #5c5c5c;\">\u00a0Institutions, artistes, chercheurs et entrepreneurs invitent donc le public \u00e0 participer \u00e0 ce foisonnement d\u2019exp\u00e9riences artistiques et culturelles qui animera ce mois d\u2019octobre \u00e0 Arles, dans une ambiance conviviale et ouverte \u00e0 tous.<\/p>\n<p style=\"color: #5c5c5c;\">Toutes les informations et la programmation d\u2019Octobre Num\u00e9rique sur :<a style=\"font-weight: bold; font-style: inherit; color: #000000;\" title=\"http:\/\/www.octobre-numerique.fr\/\" href=\"http:\/\/www.octobre-numerique.fr\/\" target=\"_blank\">http:\/\/www.octobre-numerique.fr\/<\/a><\/p>\n<figure id=\"attachment_3111\" aria-describedby=\"caption-attachment-3111\" style=\"width: 338px\" class=\"wp-caption aligncenter\"><a href=\"http:\/\/www.tacoandco.fr\/wp-content\/uploads\/2014\/09\/Octobre-numerique-2014-Copier.jpg\"><img fetchpriority=\"high\" decoding=\"async\" class=\"size-full wp-image-3111\" src=\"http:\/\/www.tacoandco.fr\/wp-content\/uploads\/2014\/09\/Octobre-numerique-2014-Copier.jpg\" alt=\"Octobre num\u00e9rique 2014 \" width=\"338\" height=\"600\" srcset=\"https:\/\/www.tacoandco.fr\/wp-content\/uploads\/2014\/09\/Octobre-numerique-2014-Copier.jpg 338w, https:\/\/www.tacoandco.fr\/wp-content\/uploads\/2014\/09\/Octobre-numerique-2014-Copier-169x300.jpg 169w\" sizes=\"(max-width: 338px) 100vw, 338px\" \/><\/a><figcaption id=\"caption-attachment-3111\" class=\"wp-caption-text\">Octobre num\u00e9rique 2014<\/figcaption><\/figure>\n<p style=\"color: #5c5c5c;\">","protected":false},"excerpt":{"rendered":"<p>\u00a0Octobre Num\u00e9rique aura lieu du 11 au 26 Octobre 2014\u00a0\u00e0 Arles. Octobre Num\u00e9rique \u00a0est un \u00e9v\u00e9nement organis\u00e9 par la ville d\u2019Arles qui vous propose pendant 2 semaines, des expositions, des conf\u00e9rences, des ateliers, des exp\u00e9rimentations et des soir\u00e9es sur le th\u00e8me du num\u00e9rique. Cette cinqui\u00e8me \u00e9dition aura pour th\u00e9matique \u00ab\u00a0Le temps r\u00e9el\u00a0\u00bb. Cette probl\u00e9matique concerne [&hellip;]<\/p>","protected":false},"author":2,"featured_media":3111,"comment_status":"closed","ping_status":"closed","sticky":false,"template":"","format":"standard","meta":{"footnotes":""},"categories":[4,3],"tags":[],"class_list":["post-3109","post","type-post","status-publish","format-standard","has-post-thumbnail","hentry","category-accueil","category-actualites","entry","has-media"],"aioseo_notices":[],"_links":{"self":[{"href":"https:\/\/www.tacoandco.fr\/en\/wp-json\/wp\/v2\/posts\/3109","targetHints":{"allow":["GET"]}}],"collection":[{"href":"https:\/\/www.tacoandco.fr\/en\/wp-json\/wp\/v2\/posts"}],"about":[{"href":"https:\/\/www.tacoandco.fr\/en\/wp-json\/wp\/v2\/types\/post"}],"author":[{"embeddable":true,"href":"https:\/\/www.tacoandco.fr\/en\/wp-json\/wp\/v2\/users\/2"}],"replies":[{"embeddable":true,"href":"https:\/\/www.tacoandco.fr\/en\/wp-json\/wp\/v2\/comments?post=3109"}],"version-history":[{"count":3,"href":"https:\/\/www.tacoandco.fr\/en\/wp-json\/wp\/v2\/posts\/3109\/revisions"}],"predecessor-version":[{"id":3113,"href":"https:\/\/www.tacoandco.fr\/en\/wp-json\/wp\/v2\/posts\/3109\/revisions\/3113"}],"wp:featuredmedia":[{"embeddable":true,"href":"https:\/\/www.tacoandco.fr\/en\/wp-json\/wp\/v2\/media\/3111"}],"wp:attachment":[{"href":"https:\/\/www.tacoandco.fr\/en\/wp-json\/wp\/v2\/media?parent=3109"}],"wp:term":[{"taxonomy":"category","embeddable":true,"href":"https:\/\/www.tacoandco.fr\/en\/wp-json\/wp\/v2\/categories?post=3109"},{"taxonomy":"post_tag","embeddable":true,"href":"https:\/\/www.tacoandco.fr\/en\/wp-json\/wp\/v2\/tags?post=3109"}],"curies":[{"name":"wp","href":"https:\/\/api.w.org\/{rel}","templated":true}]}}