{"id":3117,"date":"2014-10-08T07:40:41","date_gmt":"2014-10-08T07:40:41","guid":{"rendered":"http:\/\/www.tacoandco.fr\/?p=3117"},"modified":"2014-10-08T07:40:41","modified_gmt":"2014-10-08T07:40:41","slug":"nouvelle-exposition-a-decouvrir-a-la-fondation-vincent-van-gogh-darles-jusquau-26-avril-2015","status":"publish","type":"post","link":"https:\/\/www.tacoandco.fr\/en\/blog\/2014\/10\/08\/nouvelle-exposition-a-decouvrir-a-la-fondation-vincent-van-gogh-darles-jusquau-26-avril-2015\/","title":{"rendered":"Nouvelle exposition \u00e0 d\u00e9couvrir \u00e0 la Fondation Vincent Van Gogh d&rsquo;Arles jusqu&rsquo;au 26 Avril 2015"},"content":{"rendered":"<p>La Fondation Vincent Van Gogh vous propose de d\u00e9couvrir apr\u00e8s l&rsquo;exposition inaugurale Van Gogh Live, une toute nouvelle exposition d&rsquo;Art contemporain jusqu&rsquo;au 26 Avril 2015.<\/p>\n<p>D\u00e9couvrez l&rsquo;univers de Yan Pei-Ming et Bertrand Lavier avec leurs expositions respectives Night of colours et l&rsquo;affaire tournesols.<\/p>\n<p>Vous pourrez \u00e9galement continuer \u00e0 admirer l&rsquo;autoportrait \u00e0 la pipe et au chapeau de paille de Vincent Van Gogh datant de 1887.<\/p>\n<p>La Fondation Vincent Van Gogh est situ\u00e9e dans la rue du Docteur Fanton \u00e0 Arles.<\/p>\n<p>Toutes les informations sur la Fondation sur:\u00a0<a title=\"http:\/\/www.fondation-vincentvangogh-arles.org\/\" href=\"http:\/\/http:\/\/www.fondation-vincentvangogh-arles.org\/\" target=\"_blank\">http:\/\/www.fondation-vincentvangogh-arles.org\/<\/a><\/p>\n<figure id=\"attachment_3118\" aria-describedby=\"caption-attachment-3118\" style=\"width: 338px\" class=\"wp-caption aligncenter\"><a href=\"http:\/\/www.tacoandco.fr\/wp-content\/uploads\/2014\/10\/Fondation-Van-Gogh-Arles-Copier.jpg\"><img fetchpriority=\"high\" decoding=\"async\" class=\"size-full wp-image-3118\" src=\"http:\/\/www.tacoandco.fr\/wp-content\/uploads\/2014\/10\/Fondation-Van-Gogh-Arles-Copier.jpg\" alt=\"Fondation Van Gogh Arles\" width=\"338\" height=\"600\" srcset=\"https:\/\/www.tacoandco.fr\/wp-content\/uploads\/2014\/10\/Fondation-Van-Gogh-Arles-Copier.jpg 338w, https:\/\/www.tacoandco.fr\/wp-content\/uploads\/2014\/10\/Fondation-Van-Gogh-Arles-Copier-169x300.jpg 169w\" sizes=\"(max-width: 338px) 100vw, 338px\" \/><\/a><figcaption id=\"caption-attachment-3118\" class=\"wp-caption-text\">Fondation Van Gogh Arles<\/figcaption><\/figure>\n<figure id=\"attachment_3119\" aria-describedby=\"caption-attachment-3119\" style=\"width: 338px\" class=\"wp-caption aligncenter\"><a href=\"http:\/\/www.tacoandco.fr\/wp-content\/uploads\/2014\/10\/Fondation-Vincent-Van-Gogh-Arles-Copier.jpg\"><img decoding=\"async\" class=\"size-full wp-image-3119\" src=\"http:\/\/www.tacoandco.fr\/wp-content\/uploads\/2014\/10\/Fondation-Vincent-Van-Gogh-Arles-Copier.jpg\" alt=\"Fondation Vincent Van Gogh Arles \" width=\"338\" height=\"600\" srcset=\"https:\/\/www.tacoandco.fr\/wp-content\/uploads\/2014\/10\/Fondation-Vincent-Van-Gogh-Arles-Copier.jpg 338w, https:\/\/www.tacoandco.fr\/wp-content\/uploads\/2014\/10\/Fondation-Vincent-Van-Gogh-Arles-Copier-169x300.jpg 169w\" sizes=\"(max-width: 338px) 100vw, 338px\" \/><\/a><figcaption id=\"caption-attachment-3119\" class=\"wp-caption-text\">Fondation Vincent Van Gogh Arles<\/figcaption><\/figure>\n<figure id=\"attachment_3063\" aria-describedby=\"caption-attachment-3063\" style=\"width: 400px\" class=\"wp-caption aligncenter\"><a href=\"http:\/\/www.tacoandco.fr\/wp-content\/uploads\/2014\/07\/Auto-portrait-Vincent-Van-Gogh-Fondation-Van-Gogh-Arles-Copier.jpg\"><img decoding=\"async\" class=\"size-full wp-image-3063\" src=\"http:\/\/www.tacoandco.fr\/wp-content\/uploads\/2014\/07\/Auto-portrait-Vincent-Van-Gogh-Fondation-Van-Gogh-Arles-Copier.jpg\" alt=\"Auto portrait Vincent Van Gogh, Fondation Van Gogh Arles\" width=\"400\" height=\"600\" srcset=\"https:\/\/www.tacoandco.fr\/wp-content\/uploads\/2014\/07\/Auto-portrait-Vincent-Van-Gogh-Fondation-Van-Gogh-Arles-Copier.jpg 400w, https:\/\/www.tacoandco.fr\/wp-content\/uploads\/2014\/07\/Auto-portrait-Vincent-Van-Gogh-Fondation-Van-Gogh-Arles-Copier-200x300.jpg 200w\" sizes=\"(max-width: 400px) 100vw, 400px\" \/><\/a><figcaption id=\"caption-attachment-3063\" class=\"wp-caption-text\">Auto portrait Vincent Van Gogh, Fondation Van Gogh Arles<\/figcaption><\/figure>\n<p>&nbsp;<\/p>","protected":false},"excerpt":{"rendered":"<p>La Fondation Vincent Van Gogh vous propose de d\u00e9couvrir apr\u00e8s l&rsquo;exposition inaugurale Van Gogh Live, une toute nouvelle exposition d&rsquo;Art contemporain jusqu&rsquo;au 26 Avril 2015. D\u00e9couvrez l&rsquo;univers de Yan Pei-Ming et Bertrand Lavier avec leurs expositions respectives Night of colours et l&rsquo;affaire tournesols. Vous pourrez \u00e9galement continuer \u00e0 admirer l&rsquo;autoportrait \u00e0 la pipe et au [&hellip;]<\/p>","protected":false},"author":2,"featured_media":3118,"comment_status":"closed","ping_status":"closed","sticky":false,"template":"","format":"standard","meta":{"footnotes":""},"categories":[4,3],"tags":[],"class_list":["post-3117","post","type-post","status-publish","format-standard","has-post-thumbnail","hentry","category-accueil","category-actualites","entry","has-media"],"aioseo_notices":[],"_links":{"self":[{"href":"https:\/\/www.tacoandco.fr\/en\/wp-json\/wp\/v2\/posts\/3117","targetHints":{"allow":["GET"]}}],"collection":[{"href":"https:\/\/www.tacoandco.fr\/en\/wp-json\/wp\/v2\/posts"}],"about":[{"href":"https:\/\/www.tacoandco.fr\/en\/wp-json\/wp\/v2\/types\/post"}],"author":[{"embeddable":true,"href":"https:\/\/www.tacoandco.fr\/en\/wp-json\/wp\/v2\/users\/2"}],"replies":[{"embeddable":true,"href":"https:\/\/www.tacoandco.fr\/en\/wp-json\/wp\/v2\/comments?post=3117"}],"version-history":[{"count":2,"href":"https:\/\/www.tacoandco.fr\/en\/wp-json\/wp\/v2\/posts\/3117\/revisions"}],"predecessor-version":[{"id":3121,"href":"https:\/\/www.tacoandco.fr\/en\/wp-json\/wp\/v2\/posts\/3117\/revisions\/3121"}],"wp:featuredmedia":[{"embeddable":true,"href":"https:\/\/www.tacoandco.fr\/en\/wp-json\/wp\/v2\/media\/3118"}],"wp:attachment":[{"href":"https:\/\/www.tacoandco.fr\/en\/wp-json\/wp\/v2\/media?parent=3117"}],"wp:term":[{"taxonomy":"category","embeddable":true,"href":"https:\/\/www.tacoandco.fr\/en\/wp-json\/wp\/v2\/categories?post=3117"},{"taxonomy":"post_tag","embeddable":true,"href":"https:\/\/www.tacoandco.fr\/en\/wp-json\/wp\/v2\/tags?post=3117"}],"curies":[{"name":"wp","href":"https:\/\/api.w.org\/{rel}","templated":true}]}}