{"id":3246,"date":"2015-04-30T12:47:55","date_gmt":"2015-04-30T12:47:55","guid":{"rendered":"http:\/\/www.tacoandco.fr\/?p=3246"},"modified":"2015-04-30T12:47:55","modified_gmt":"2015-04-30T12:47:55","slug":"lantique-est-nous-au-musee-departemental-de-larles-antique-jusquau-7-juin-2015","status":"publish","type":"post","link":"https:\/\/www.tacoandco.fr\/en\/blog\/2015\/04\/30\/lantique-est-nous-au-musee-departemental-de-larles-antique-jusquau-7-juin-2015\/","title":{"rendered":"L&rsquo;Antique e(s)t nous au Mus\u00e9e D\u00e9partemental de l&rsquo;Arles Antique jusqu&rsquo;au 7 Juin 2015"},"content":{"rendered":"<p>Le projet\u00a0\u00bbL&rsquo;Antique e(s)t nous\u00a0\u00bb \u00a0avec \u00a0l&rsquo;exposition \u00ab\u00a0J&rsquo;aimerais tant voir Syracuse au Mus\u00e9e D\u00e9partemental de l&rsquo;Arles Antique.<\/p>\n<p>Dans le cadre de ce projet, venez d\u00e9couvrir l&rsquo;exposition sur la photo de famille et l&rsquo;Antique \u00a0intitul\u00e9 \u00ab\u00a0J&rsquo;aimerais tant voir syracuse\u00a0\u00bb jusqu&rsquo;au 7 juin 2015.<\/p>\n<p>Toutes les informations sur l&rsquo;exposition ou le mus\u00e9e sur <a href=\"http:\/\/www.arles-antique.cgl13.fr\" target=\"_blank\">www.arles-antique.cgl13.fr<\/a><\/p>\n<figure id=\"attachment_3247\" aria-describedby=\"caption-attachment-3247\" style=\"width: 400px\" class=\"wp-caption aligncenter\"><a href=\"http:\/\/www.tacoandco.fr\/wp-content\/uploads\/2015\/04\/Jaimerais-tant-voir-syracuse-Copier.jpg\"><img fetchpriority=\"high\" decoding=\"async\" class=\"size-full wp-image-3247\" src=\"http:\/\/www.tacoandco.fr\/wp-content\/uploads\/2015\/04\/Jaimerais-tant-voir-syracuse-Copier.jpg\" alt=\"J'aimerais tant voir syracuse au MDAA d'Arles\" width=\"400\" height=\"600\" srcset=\"https:\/\/www.tacoandco.fr\/wp-content\/uploads\/2015\/04\/Jaimerais-tant-voir-syracuse-Copier.jpg 400w, https:\/\/www.tacoandco.fr\/wp-content\/uploads\/2015\/04\/Jaimerais-tant-voir-syracuse-Copier-200x300.jpg 200w\" sizes=\"(max-width: 400px) 100vw, 400px\" \/><\/a><figcaption id=\"caption-attachment-3247\" class=\"wp-caption-text\">J&rsquo;aimerais tant voir syracuse au MDAA d&rsquo;Arles<\/figcaption><\/figure>\n<p>&nbsp;<\/p>","protected":false},"excerpt":{"rendered":"<p>Le projet\u00a0\u00bbL&rsquo;Antique e(s)t nous\u00a0\u00bb \u00a0avec \u00a0l&rsquo;exposition \u00ab\u00a0J&rsquo;aimerais tant voir Syracuse au Mus\u00e9e D\u00e9partemental de l&rsquo;Arles Antique. Dans le cadre de ce projet, venez d\u00e9couvrir l&rsquo;exposition sur la photo de famille et l&rsquo;Antique \u00a0intitul\u00e9 \u00ab\u00a0J&rsquo;aimerais tant voir syracuse\u00a0\u00bb jusqu&rsquo;au 7 juin 2015. Toutes les informations sur l&rsquo;exposition ou le mus\u00e9e sur www.arles-antique.cgl13.fr &nbsp;<\/p>","protected":false},"author":2,"featured_media":3247,"comment_status":"closed","ping_status":"closed","sticky":false,"template":"","format":"standard","meta":{"footnotes":""},"categories":[4,3],"tags":[],"class_list":["post-3246","post","type-post","status-publish","format-standard","has-post-thumbnail","hentry","category-accueil","category-actualites","entry","has-media"],"aioseo_notices":[],"_links":{"self":[{"href":"https:\/\/www.tacoandco.fr\/en\/wp-json\/wp\/v2\/posts\/3246","targetHints":{"allow":["GET"]}}],"collection":[{"href":"https:\/\/www.tacoandco.fr\/en\/wp-json\/wp\/v2\/posts"}],"about":[{"href":"https:\/\/www.tacoandco.fr\/en\/wp-json\/wp\/v2\/types\/post"}],"author":[{"embeddable":true,"href":"https:\/\/www.tacoandco.fr\/en\/wp-json\/wp\/v2\/users\/2"}],"replies":[{"embeddable":true,"href":"https:\/\/www.tacoandco.fr\/en\/wp-json\/wp\/v2\/comments?post=3246"}],"version-history":[{"count":1,"href":"https:\/\/www.tacoandco.fr\/en\/wp-json\/wp\/v2\/posts\/3246\/revisions"}],"predecessor-version":[{"id":3248,"href":"https:\/\/www.tacoandco.fr\/en\/wp-json\/wp\/v2\/posts\/3246\/revisions\/3248"}],"wp:featuredmedia":[{"embeddable":true,"href":"https:\/\/www.tacoandco.fr\/en\/wp-json\/wp\/v2\/media\/3247"}],"wp:attachment":[{"href":"https:\/\/www.tacoandco.fr\/en\/wp-json\/wp\/v2\/media?parent=3246"}],"wp:term":[{"taxonomy":"category","embeddable":true,"href":"https:\/\/www.tacoandco.fr\/en\/wp-json\/wp\/v2\/categories?post=3246"},{"taxonomy":"post_tag","embeddable":true,"href":"https:\/\/www.tacoandco.fr\/en\/wp-json\/wp\/v2\/tags?post=3246"}],"curies":[{"name":"wp","href":"https:\/\/api.w.org\/{rel}","templated":true}]}}