{"id":3268,"date":"2015-06-04T12:05:53","date_gmt":"2015-06-04T12:05:53","guid":{"rendered":"http:\/\/www.tacoandco.fr\/?p=3268"},"modified":"2015-06-04T13:11:45","modified_gmt":"2015-06-04T13:11:45","slug":"les-rugissantes-darles-avec-lensemble-lyrique-voce-les-27-et-28-juin-2015","status":"publish","type":"post","link":"https:\/\/www.tacoandco.fr\/en\/blog\/2015\/06\/04\/les-rugissantes-darles-avec-lensemble-lyrique-voce-les-27-et-28-juin-2015\/","title":{"rendered":"Les Rugissantes d&rsquo;Arles avec l&rsquo;ensemble lyrique Voce les 27 et 28 juin 2015"},"content":{"rendered":"<p>L&rsquo;ensemble lyrique Voce pr\u00e9sente les 27 et 28 juin 2015 Les rugissantes d&rsquo;Arles \u00e0 l&rsquo;ancien coll\u00e8ge Mistral.<\/p>\n<p>Venez nombreux d\u00e9couvrir les rugissantes d&rsquo;Arles avec le concert floril\u00e8ge d&rsquo;airs op\u00e9rettes le 27 juin \u00e0 partir de 21h30.<\/p>\n<p>Vente de tapas et d&rsquo;assiettes gourmandes, go\u00fbter offert pour les enfants, ateliers en journ\u00e9e&#8230;..<\/p>\n<p>Toutes les informations et le programme complet au 0688338384<\/p>\n<figure id=\"attachment_3269\" aria-describedby=\"caption-attachment-3269\" style=\"width: 338px\" class=\"wp-caption aligncenter\"><a href=\"http:\/\/www.tacoandco.fr\/wp-content\/uploads\/2015\/06\/Les-Rugissantes-2015-Copier.jpg\"><img fetchpriority=\"high\" decoding=\"async\" class=\"size-full wp-image-3269\" src=\"http:\/\/www.tacoandco.fr\/wp-content\/uploads\/2015\/06\/Les-Rugissantes-2015-Copier.jpg\" alt=\"Les Rugissantes d'Arles 2015\" width=\"338\" height=\"600\" srcset=\"https:\/\/www.tacoandco.fr\/wp-content\/uploads\/2015\/06\/Les-Rugissantes-2015-Copier.jpg 338w, https:\/\/www.tacoandco.fr\/wp-content\/uploads\/2015\/06\/Les-Rugissantes-2015-Copier-169x300.jpg 169w\" sizes=\"(max-width: 338px) 100vw, 338px\" \/><\/a><figcaption id=\"caption-attachment-3269\" class=\"wp-caption-text\">Les Rugissantes d&rsquo;Arles 2015<\/figcaption><\/figure>\n<p>&nbsp;<\/p>","protected":false},"excerpt":{"rendered":"<p>L&rsquo;ensemble lyrique Voce pr\u00e9sente les 27 et 28 juin 2015 Les rugissantes d&rsquo;Arles \u00e0 l&rsquo;ancien coll\u00e8ge Mistral. Venez nombreux d\u00e9couvrir les rugissantes d&rsquo;Arles avec le concert floril\u00e8ge d&rsquo;airs op\u00e9rettes le 27 juin \u00e0 partir de 21h30. Vente de tapas et d&rsquo;assiettes gourmandes, go\u00fbter offert pour les enfants, ateliers en journ\u00e9e&#8230;.. Toutes les informations et le [&hellip;]<\/p>","protected":false},"author":2,"featured_media":3269,"comment_status":"closed","ping_status":"closed","sticky":false,"template":"","format":"standard","meta":{"footnotes":""},"categories":[4,3],"tags":[],"class_list":["post-3268","post","type-post","status-publish","format-standard","has-post-thumbnail","hentry","category-accueil","category-actualites","entry","has-media"],"aioseo_notices":[],"_links":{"self":[{"href":"https:\/\/www.tacoandco.fr\/en\/wp-json\/wp\/v2\/posts\/3268","targetHints":{"allow":["GET"]}}],"collection":[{"href":"https:\/\/www.tacoandco.fr\/en\/wp-json\/wp\/v2\/posts"}],"about":[{"href":"https:\/\/www.tacoandco.fr\/en\/wp-json\/wp\/v2\/types\/post"}],"author":[{"embeddable":true,"href":"https:\/\/www.tacoandco.fr\/en\/wp-json\/wp\/v2\/users\/2"}],"replies":[{"embeddable":true,"href":"https:\/\/www.tacoandco.fr\/en\/wp-json\/wp\/v2\/comments?post=3268"}],"version-history":[{"count":1,"href":"https:\/\/www.tacoandco.fr\/en\/wp-json\/wp\/v2\/posts\/3268\/revisions"}],"predecessor-version":[{"id":3270,"href":"https:\/\/www.tacoandco.fr\/en\/wp-json\/wp\/v2\/posts\/3268\/revisions\/3270"}],"wp:featuredmedia":[{"embeddable":true,"href":"https:\/\/www.tacoandco.fr\/en\/wp-json\/wp\/v2\/media\/3269"}],"wp:attachment":[{"href":"https:\/\/www.tacoandco.fr\/en\/wp-json\/wp\/v2\/media?parent=3268"}],"wp:term":[{"taxonomy":"category","embeddable":true,"href":"https:\/\/www.tacoandco.fr\/en\/wp-json\/wp\/v2\/categories?post=3268"},{"taxonomy":"post_tag","embeddable":true,"href":"https:\/\/www.tacoandco.fr\/en\/wp-json\/wp\/v2\/tags?post=3268"}],"curies":[{"name":"wp","href":"https:\/\/api.w.org\/{rel}","templated":true}]}}