{"id":3271,"date":"2015-06-08T14:25:25","date_gmt":"2015-06-08T14:25:25","guid":{"rendered":"http:\/\/www.tacoandco.fr\/?p=3271"},"modified":"2015-06-08T14:25:43","modified_gmt":"2015-06-08T14:25:43","slug":"forum-lyrique-international-du-10-au-13-juin-2015-a-arles","status":"publish","type":"post","link":"https:\/\/www.tacoandco.fr\/en\/blog\/2015\/06\/08\/forum-lyrique-international-du-10-au-13-juin-2015-a-arles\/","title":{"rendered":"Forum lyrique international du 10 au 13 juin 2015 \u00e0 Arles"},"content":{"rendered":"<p>Le 15\u00e9me forum lyrique international aura lieu \u00e0 Arles du 10 au 13 Juin 2015 dans le cadre exceptionnel de la Cour de l\u2019Archev\u00each\u00e9. Le forum lyrique international sera d\u00e9compos\u00e9 en 3 soir\u00e9es organis\u00e9es dans la\u00a0Cour de l\u2019Archev\u00each\u00e9 avec un concours op\u00e9ra et\u00a0des concerts jeunes Talents.La finale aura lieu le 13 Juin 2015.<\/p>\n<p>Toutes les informations sur le Forum lyrique international d\u2019Arles:<a title=\"http:\/\/www.lyrique-arles.com\/\" href=\"http:\/\/www.lyrique-arles.com\/\" target=\"_blank\">http:\/\/www.lyrique-arles.com\/<\/a><\/p>\n<p>Si vous souhaitez vous rendre \u00e0 la cour de l\u2019Archev\u00each\u00e9, n\u2019h\u00e9sitez pas \u00e0 nous contacter, nous proposons des navettes en v\u00e9lo taco \u00e0 partir de 5 euros.<\/p>\n<figure id=\"attachment_3272\" aria-describedby=\"caption-attachment-3272\" style=\"width: 338px\" class=\"wp-caption aligncenter\"><a href=\"http:\/\/www.tacoandco.fr\/wp-content\/uploads\/2015\/06\/Forum-lyrique-Arles-2015-Copier.jpg\"><img fetchpriority=\"high\" decoding=\"async\" class=\"size-full wp-image-3272\" src=\"http:\/\/www.tacoandco.fr\/wp-content\/uploads\/2015\/06\/Forum-lyrique-Arles-2015-Copier.jpg\" alt=\"Forum lyrique Arles 2015\" width=\"338\" height=\"600\" srcset=\"https:\/\/www.tacoandco.fr\/wp-content\/uploads\/2015\/06\/Forum-lyrique-Arles-2015-Copier.jpg 338w, https:\/\/www.tacoandco.fr\/wp-content\/uploads\/2015\/06\/Forum-lyrique-Arles-2015-Copier-169x300.jpg 169w\" sizes=\"(max-width: 338px) 100vw, 338px\" \/><\/a><figcaption id=\"caption-attachment-3272\" class=\"wp-caption-text\">Forum lyrique Arles 2015<\/figcaption><\/figure>","protected":false},"excerpt":{"rendered":"<p>Le 15\u00e9me forum lyrique international aura lieu \u00e0 Arles du 10 au 13 Juin 2015 dans le cadre exceptionnel de la Cour de l\u2019Archev\u00each\u00e9. Le forum lyrique international sera d\u00e9compos\u00e9 en 3 soir\u00e9es organis\u00e9es dans la\u00a0Cour de l\u2019Archev\u00each\u00e9 avec un concours op\u00e9ra et\u00a0des concerts jeunes Talents.La finale aura lieu le 13 Juin 2015. Toutes les [&hellip;]<\/p>","protected":false},"author":2,"featured_media":3273,"comment_status":"closed","ping_status":"closed","sticky":false,"template":"","format":"standard","meta":{"footnotes":""},"categories":[4,3],"tags":[],"class_list":["post-3271","post","type-post","status-publish","format-standard","has-post-thumbnail","hentry","category-accueil","category-actualites","entry","has-media"],"aioseo_notices":[],"_links":{"self":[{"href":"https:\/\/www.tacoandco.fr\/en\/wp-json\/wp\/v2\/posts\/3271","targetHints":{"allow":["GET"]}}],"collection":[{"href":"https:\/\/www.tacoandco.fr\/en\/wp-json\/wp\/v2\/posts"}],"about":[{"href":"https:\/\/www.tacoandco.fr\/en\/wp-json\/wp\/v2\/types\/post"}],"author":[{"embeddable":true,"href":"https:\/\/www.tacoandco.fr\/en\/wp-json\/wp\/v2\/users\/2"}],"replies":[{"embeddable":true,"href":"https:\/\/www.tacoandco.fr\/en\/wp-json\/wp\/v2\/comments?post=3271"}],"version-history":[{"count":1,"href":"https:\/\/www.tacoandco.fr\/en\/wp-json\/wp\/v2\/posts\/3271\/revisions"}],"predecessor-version":[{"id":3274,"href":"https:\/\/www.tacoandco.fr\/en\/wp-json\/wp\/v2\/posts\/3271\/revisions\/3274"}],"wp:featuredmedia":[{"embeddable":true,"href":"https:\/\/www.tacoandco.fr\/en\/wp-json\/wp\/v2\/media\/3273"}],"wp:attachment":[{"href":"https:\/\/www.tacoandco.fr\/en\/wp-json\/wp\/v2\/media?parent=3271"}],"wp:term":[{"taxonomy":"category","embeddable":true,"href":"https:\/\/www.tacoandco.fr\/en\/wp-json\/wp\/v2\/categories?post=3271"},{"taxonomy":"post_tag","embeddable":true,"href":"https:\/\/www.tacoandco.fr\/en\/wp-json\/wp\/v2\/tags?post=3271"}],"curies":[{"name":"wp","href":"https:\/\/api.w.org\/{rel}","templated":true}]}}