{"id":3319,"date":"2015-09-05T17:07:49","date_gmt":"2015-09-05T17:07:49","guid":{"rendered":"http:\/\/www.tacoandco.fr\/?p=3319"},"modified":"2015-09-05T17:07:49","modified_gmt":"2015-09-05T17:07:49","slug":"feria-du-riz-2015-a-arles-du-11-au-13-septembre-navettes-de-nuit-gratuites-avec-envia","status":"publish","type":"post","link":"https:\/\/www.tacoandco.fr\/en\/blog\/2015\/09\/05\/feria-du-riz-2015-a-arles-du-11-au-13-septembre-navettes-de-nuit-gratuites-avec-envia\/","title":{"rendered":"F\u00e9ria du riz 2015 \u00e0 Arles du 11 au 13 septembre: Navettes de nuit gratuites avec Envia"},"content":{"rendered":"<p>La f\u00e9ria du Riz 2015 aura lieu\u00a0 \u00e0 Arles \u00a0du 11 au 13\u00a0septembre\u00a02015, le r\u00e9seau Envia met \u00e0 votre disposition desnavettes de nuit gratuites\u00a0pour vous ramener chez vous.<\/p>\n<p>Pour rentrer de la F\u00e9ria du Riz d&rsquo;Arles, les 11 et 12\u00a0septembre, \u00a0n\u2019h\u00e9sitez pas \u00e0 utiliser les navettes de nuit gratuites d\u2019Envia au d\u00e9part du parking Gabriel P\u00e9ri.<\/p>\n<p>Ces navettes desservent Salin de Giraud, Mas Thibert, St Martin de crau et Tarascon, 3 d\u00e9parts sont pr\u00e9vus \u00e0 00h00, 01h30 et 03h00.<\/p>\n<p>Plus d\u2019informations sur<a title=\" www.tout-envia.com\" href=\"http:\/\/%20www.tout-envia.com\/\" target=\"_blank\">\u00a0www.tout-envia.com<\/a>\u00a0ou au 0810000818<\/p>\n<figure id=\"attachment_3320\" aria-describedby=\"caption-attachment-3320\" style=\"width: 338px\" class=\"wp-caption aligncenter\"><a href=\"http:\/\/www.tacoandco.fr\/wp-content\/uploads\/2015\/09\/F\u00e9ria-du-riz-2015-Navettes-de-nuit-gratuites-avec-Envia-Copier.jpg\"><img fetchpriority=\"high\" decoding=\"async\" class=\"size-full wp-image-3320\" src=\"http:\/\/www.tacoandco.fr\/wp-content\/uploads\/2015\/09\/F\u00e9ria-du-riz-2015-Navettes-de-nuit-gratuites-avec-Envia-Copier.jpg\" alt=\"F\u00e9ria du riz 2015 Navettes de nuit gratuites avec Envia\" width=\"338\" height=\"600\" srcset=\"https:\/\/www.tacoandco.fr\/wp-content\/uploads\/2015\/09\/F\u00e9ria-du-riz-2015-Navettes-de-nuit-gratuites-avec-Envia-Copier.jpg 338w, https:\/\/www.tacoandco.fr\/wp-content\/uploads\/2015\/09\/F\u00e9ria-du-riz-2015-Navettes-de-nuit-gratuites-avec-Envia-Copier-169x300.jpg 169w\" sizes=\"(max-width: 338px) 100vw, 338px\" \/><\/a><figcaption id=\"caption-attachment-3320\" class=\"wp-caption-text\">F\u00e9ria du riz 2015 Navettes de nuit gratuites avec Envia<\/figcaption><\/figure>","protected":false},"excerpt":{"rendered":"<p>La f\u00e9ria du Riz 2015 aura lieu\u00a0 \u00e0 Arles \u00a0du 11 au 13\u00a0septembre\u00a02015, le r\u00e9seau Envia met \u00e0 votre disposition desnavettes de nuit gratuites\u00a0pour vous ramener chez vous. Pour rentrer de la F\u00e9ria du Riz d&rsquo;Arles, les 11 et 12\u00a0septembre, \u00a0n\u2019h\u00e9sitez pas \u00e0 utiliser les navettes de nuit gratuites d\u2019Envia au d\u00e9part du parking Gabriel [&hellip;]<\/p>","protected":false},"author":2,"featured_media":3320,"comment_status":"closed","ping_status":"closed","sticky":false,"template":"","format":"standard","meta":{"footnotes":""},"categories":[4,3],"tags":[],"class_list":["post-3319","post","type-post","status-publish","format-standard","has-post-thumbnail","hentry","category-accueil","category-actualites","entry","has-media"],"aioseo_notices":[],"_links":{"self":[{"href":"https:\/\/www.tacoandco.fr\/en\/wp-json\/wp\/v2\/posts\/3319","targetHints":{"allow":["GET"]}}],"collection":[{"href":"https:\/\/www.tacoandco.fr\/en\/wp-json\/wp\/v2\/posts"}],"about":[{"href":"https:\/\/www.tacoandco.fr\/en\/wp-json\/wp\/v2\/types\/post"}],"author":[{"embeddable":true,"href":"https:\/\/www.tacoandco.fr\/en\/wp-json\/wp\/v2\/users\/2"}],"replies":[{"embeddable":true,"href":"https:\/\/www.tacoandco.fr\/en\/wp-json\/wp\/v2\/comments?post=3319"}],"version-history":[{"count":1,"href":"https:\/\/www.tacoandco.fr\/en\/wp-json\/wp\/v2\/posts\/3319\/revisions"}],"predecessor-version":[{"id":3321,"href":"https:\/\/www.tacoandco.fr\/en\/wp-json\/wp\/v2\/posts\/3319\/revisions\/3321"}],"wp:featuredmedia":[{"embeddable":true,"href":"https:\/\/www.tacoandco.fr\/en\/wp-json\/wp\/v2\/media\/3320"}],"wp:attachment":[{"href":"https:\/\/www.tacoandco.fr\/en\/wp-json\/wp\/v2\/media?parent=3319"}],"wp:term":[{"taxonomy":"category","embeddable":true,"href":"https:\/\/www.tacoandco.fr\/en\/wp-json\/wp\/v2\/categories?post=3319"},{"taxonomy":"post_tag","embeddable":true,"href":"https:\/\/www.tacoandco.fr\/en\/wp-json\/wp\/v2\/tags?post=3319"}],"curies":[{"name":"wp","href":"https:\/\/api.w.org\/{rel}","templated":true}]}}