{"id":3331,"date":"2015-09-29T10:43:38","date_gmt":"2015-09-29T10:43:38","guid":{"rendered":"http:\/\/www.tacoandco.fr\/?p=3331"},"modified":"2015-09-29T11:37:16","modified_gmt":"2015-09-29T11:37:16","slug":"octobre-numerique-a-arles-du-01-octobre-au-8-novembre-2015","status":"publish","type":"post","link":"https:\/\/www.tacoandco.fr\/en\/blog\/2015\/09\/29\/octobre-numerique-a-arles-du-01-octobre-au-8-novembre-2015\/","title":{"rendered":"Octobre Num\u00e9rique \u00e0 Arles du 01 Octobre au 8 Novembre 2015"},"content":{"rendered":"<p>Le festival\u00a0Octobre Num\u00e9rique \u00a0aura lieu \u00e0 Arles du 01 Octobre au 8 Novembre 2015.<\/p>\n<p>Cette 6\u00e8me \u00e9dition d&rsquo;Octobre Num\u00e9rique aura comme th\u00e8mmatique les \u00e9critures num\u00e9riques.<\/p>\n<p>Au programme de ces rencontres de la cr\u00e9ation, de l&rsquo;innovation et de l&rsquo;\u00e9conomie:\u00a0des expositions, des conf\u00e9rences, des ateliers, des exp\u00e9rimentations et des soir\u00e9es sur le th\u00e8me\u00a0du\u00a0num\u00e9rique.<\/p>\n<p>Toutes les informations et la programmation du festival\u00a0Octobre Num\u00e9rique sur :<a title=\"http:\/\/www.octobre-numerique.fr\/\" href=\"http:\/\/www.octobre-numerique.fr\/\" target=\"_blank\">http:\/\/www.octobre-numerique.fr\/<\/a><\/p>\n<p><a href=\"http:\/\/www.tacoandco.fr\/wp-content\/uploads\/2015\/09\/Octobre-Num\u00e9rique-2015-Copier.jpg\"><img fetchpriority=\"high\" decoding=\"async\" class=\"aligncenter size-full wp-image-3332\" src=\"http:\/\/www.tacoandco.fr\/wp-content\/uploads\/2015\/09\/Octobre-Num\u00e9rique-2015-Copier.jpg\" alt=\"Octobre Num\u00e9rique 2015 (Copier)\" width=\"338\" height=\"600\" srcset=\"https:\/\/www.tacoandco.fr\/wp-content\/uploads\/2015\/09\/Octobre-Num\u00e9rique-2015-Copier.jpg 338w, https:\/\/www.tacoandco.fr\/wp-content\/uploads\/2015\/09\/Octobre-Num\u00e9rique-2015-Copier-169x300.jpg 169w\" sizes=\"(max-width: 338px) 100vw, 338px\" \/><\/a><\/p>\n<p>&nbsp;<\/p>","protected":false},"excerpt":{"rendered":"<p>Le festival\u00a0Octobre Num\u00e9rique \u00a0aura lieu \u00e0 Arles du 01 Octobre au 8 Novembre 2015. Cette 6\u00e8me \u00e9dition d&rsquo;Octobre Num\u00e9rique aura comme th\u00e8mmatique les \u00e9critures num\u00e9riques. Au programme de ces rencontres de la cr\u00e9ation, de l&rsquo;innovation et de l&rsquo;\u00e9conomie:\u00a0des expositions, des conf\u00e9rences, des ateliers, des exp\u00e9rimentations et des soir\u00e9es sur le th\u00e8me\u00a0du\u00a0num\u00e9rique. Toutes les informations et [&hellip;]<\/p>","protected":false},"author":2,"featured_media":3333,"comment_status":"closed","ping_status":"closed","sticky":false,"template":"","format":"standard","meta":{"footnotes":""},"categories":[4,3],"tags":[],"class_list":["post-3331","post","type-post","status-publish","format-standard","has-post-thumbnail","hentry","category-accueil","category-actualites","entry","has-media"],"aioseo_notices":[],"_links":{"self":[{"href":"https:\/\/www.tacoandco.fr\/en\/wp-json\/wp\/v2\/posts\/3331","targetHints":{"allow":["GET"]}}],"collection":[{"href":"https:\/\/www.tacoandco.fr\/en\/wp-json\/wp\/v2\/posts"}],"about":[{"href":"https:\/\/www.tacoandco.fr\/en\/wp-json\/wp\/v2\/types\/post"}],"author":[{"embeddable":true,"href":"https:\/\/www.tacoandco.fr\/en\/wp-json\/wp\/v2\/users\/2"}],"replies":[{"embeddable":true,"href":"https:\/\/www.tacoandco.fr\/en\/wp-json\/wp\/v2\/comments?post=3331"}],"version-history":[{"count":1,"href":"https:\/\/www.tacoandco.fr\/en\/wp-json\/wp\/v2\/posts\/3331\/revisions"}],"predecessor-version":[{"id":3334,"href":"https:\/\/www.tacoandco.fr\/en\/wp-json\/wp\/v2\/posts\/3331\/revisions\/3334"}],"wp:featuredmedia":[{"embeddable":true,"href":"https:\/\/www.tacoandco.fr\/en\/wp-json\/wp\/v2\/media\/3333"}],"wp:attachment":[{"href":"https:\/\/www.tacoandco.fr\/en\/wp-json\/wp\/v2\/media?parent=3331"}],"wp:term":[{"taxonomy":"category","embeddable":true,"href":"https:\/\/www.tacoandco.fr\/en\/wp-json\/wp\/v2\/categories?post=3331"},{"taxonomy":"post_tag","embeddable":true,"href":"https:\/\/www.tacoandco.fr\/en\/wp-json\/wp\/v2\/tags?post=3331"}],"curies":[{"name":"wp","href":"https:\/\/api.w.org\/{rel}","templated":true}]}}