{"id":3378,"date":"2016-01-21T11:18:35","date_gmt":"2016-01-21T10:18:35","guid":{"rendered":"http:\/\/www.tacoandco.fr\/?p=3378"},"modified":"2016-01-21T11:18:35","modified_gmt":"2016-01-21T10:18:35","slug":"arles-campus-2016-vendredi-5-fevrier-au-palais-des-congres-darles","status":"publish","type":"post","link":"https:\/\/www.tacoandco.fr\/en\/blog\/2016\/01\/21\/arles-campus-2016-vendredi-5-fevrier-au-palais-des-congres-darles\/","title":{"rendered":"Arles Campus 2016, vendredi 5 f\u00e9vrier au Palais des congr\u00e8s d&rsquo;Arles"},"content":{"rendered":"<p>Arles Campus 2016, le salon des formations et des \u00e9tudes sup\u00e9rieurs du pays d\u2019Arles aura lieu le vendredi 5 f\u00e9vrier 2016 au Palais des congr\u00e8s d\u2019Arles de 9h30 \u00e0 19h00.<\/p>\n<p>A l&rsquo;occasion d&rsquo;Arles Campus 2016 les visiteurs d\u00e9couvriront plus de 40 stands pr\u00e9sentant \u00a0 \u00a0les formations sup\u00e9rieures et initiales, les associations \u00e9tudiantes, le centre d\u2019informations et d\u2019orientation, le CROUS, un point rencontre parents et un lieu d\u2019\u00e9changes avec les enseignants.<\/p>\n<p>Lyc\u00e8ens, \u00e9tudiants, parents d\u2019\u00e9l\u00e8ves\u2026\u2026RDV le 5 \u00a0f\u00e9vrier au Palais des congr\u00e8s d\u2019Arles \u00a0pour r\u00e9pondre \u00e0 toutes vos questions.<\/p>\n<p>Plus d\u2019informations :<\/p>\n<p>Service municipal de l\u2019Enseignement Sup\u00e9rieur<br \/>\nEspace Van-Gogh, Place F\u00e9lix-Rey<br \/>\nT\u00e9l. 04 90 49 37 53<\/p>\n<p><a title=\"http:\/\/www.ville-arles.fr\/education\/enseignement-superieur\/arles-campus-enseignement-superieur-education\/arles-campus.php\" href=\"http:\/\/www.ville-arles.fr\/education\/enseignement-superieur\/arles-campus-enseignement-superieur-education\/arles-campus.php\" target=\"_blank\">http:\/\/www.ville-arles.fr\/education\/enseignement-superieur\/arles-campus-enseignement-superieur-education\/arles-campus.php<\/a><\/p>\n<figure id=\"attachment_3379\" aria-describedby=\"caption-attachment-3379\" style=\"width: 400px\" class=\"wp-caption aligncenter\"><a href=\"http:\/\/www.tacoandco.fr\/wp-content\/uploads\/2016\/01\/Arles-Campus-2016-Copier.jpg\"><img fetchpriority=\"high\" decoding=\"async\" class=\"size-full wp-image-3379\" src=\"http:\/\/www.tacoandco.fr\/wp-content\/uploads\/2016\/01\/Arles-Campus-2016-Copier.jpg\" alt=\"Arles Campus 2016 \" width=\"400\" height=\"600\" srcset=\"https:\/\/www.tacoandco.fr\/wp-content\/uploads\/2016\/01\/Arles-Campus-2016-Copier.jpg 400w, https:\/\/www.tacoandco.fr\/wp-content\/uploads\/2016\/01\/Arles-Campus-2016-Copier-200x300.jpg 200w\" sizes=\"(max-width: 400px) 100vw, 400px\" \/><\/a><figcaption id=\"caption-attachment-3379\" class=\"wp-caption-text\">Arles Campus 2016<\/figcaption><\/figure>","protected":false},"excerpt":{"rendered":"<p>Arles Campus 2016, le salon des formations et des \u00e9tudes sup\u00e9rieurs du pays d\u2019Arles aura lieu le vendredi 5 f\u00e9vrier 2016 au Palais des congr\u00e8s d\u2019Arles de 9h30 \u00e0 19h00. A l&rsquo;occasion d&rsquo;Arles Campus 2016 les visiteurs d\u00e9couvriront plus de 40 stands pr\u00e9sentant \u00a0 \u00a0les formations sup\u00e9rieures et initiales, les associations \u00e9tudiantes, le centre d\u2019informations [&hellip;]<\/p>","protected":false},"author":2,"featured_media":3379,"comment_status":"closed","ping_status":"closed","sticky":false,"template":"","format":"standard","meta":{"footnotes":""},"categories":[4,3],"tags":[],"class_list":["post-3378","post","type-post","status-publish","format-standard","has-post-thumbnail","hentry","category-accueil","category-actualites","entry","has-media"],"aioseo_notices":[],"_links":{"self":[{"href":"https:\/\/www.tacoandco.fr\/en\/wp-json\/wp\/v2\/posts\/3378","targetHints":{"allow":["GET"]}}],"collection":[{"href":"https:\/\/www.tacoandco.fr\/en\/wp-json\/wp\/v2\/posts"}],"about":[{"href":"https:\/\/www.tacoandco.fr\/en\/wp-json\/wp\/v2\/types\/post"}],"author":[{"embeddable":true,"href":"https:\/\/www.tacoandco.fr\/en\/wp-json\/wp\/v2\/users\/2"}],"replies":[{"embeddable":true,"href":"https:\/\/www.tacoandco.fr\/en\/wp-json\/wp\/v2\/comments?post=3378"}],"version-history":[{"count":1,"href":"https:\/\/www.tacoandco.fr\/en\/wp-json\/wp\/v2\/posts\/3378\/revisions"}],"predecessor-version":[{"id":3380,"href":"https:\/\/www.tacoandco.fr\/en\/wp-json\/wp\/v2\/posts\/3378\/revisions\/3380"}],"wp:featuredmedia":[{"embeddable":true,"href":"https:\/\/www.tacoandco.fr\/en\/wp-json\/wp\/v2\/media\/3379"}],"wp:attachment":[{"href":"https:\/\/www.tacoandco.fr\/en\/wp-json\/wp\/v2\/media?parent=3378"}],"wp:term":[{"taxonomy":"category","embeddable":true,"href":"https:\/\/www.tacoandco.fr\/en\/wp-json\/wp\/v2\/categories?post=3378"},{"taxonomy":"post_tag","embeddable":true,"href":"https:\/\/www.tacoandco.fr\/en\/wp-json\/wp\/v2\/tags?post=3378"}],"curies":[{"name":"wp","href":"https:\/\/api.w.org\/{rel}","templated":true}]}}