{"id":3382,"date":"2016-02-15T13:03:53","date_gmt":"2016-02-15T12:03:53","guid":{"rendered":"http:\/\/www.tacoandco.fr\/?p=3382"},"modified":"2016-02-15T13:04:12","modified_gmt":"2016-02-15T12:04:12","slug":"nouvelle-exposition-tres-traits-a-la-fondation-vincent-van-gogh-darles","status":"publish","type":"post","link":"https:\/\/www.tacoandco.fr\/en\/blog\/2016\/02\/15\/nouvelle-exposition-tres-traits-a-la-fondation-vincent-van-gogh-darles\/","title":{"rendered":"Nouvelle exposition \u00ab\u00a0tr\u00e8s traits\u00a0\u00bb \u00e0 la fondation Vincent Van Gogh d&rsquo;Arles."},"content":{"rendered":"<p>Une nouvelle exposition collective \u00ab\u00a0tr\u00e8s traits\u00a0\u00bb \u00e0 d\u00e9couvrir \u00e0 la Fondation Vincent Van Gogh d&rsquo;Arles jusqu&rsquo;au 24 Avril 2016.<\/p>\n<p>L&rsquo;exposition collective regroupera les travaux de\u00a0<strong>SILVIA B\u00c4CHLI, ISABELLE CORNARO, ADRIAN GHENIE, ANDREAS GURSKY ,<\/strong><strong>EUG\u00c8NE LEROY , ROY LICHTENSTEIN et \u00a0CHRISTOPHER WOOL<\/strong><\/p>\n<p>Ticket d&rsquo;entr\u00e9e \u00e0 tarif pr\u00e9f\u00e9rentiel de 7 euros pour les clients de Taco and Co<\/p>\n<p><a href=\"http:\/\/www.tacoandco.fr\/wp-content\/uploads\/2016\/02\/Exposition-tr\u00e8s-traits-\u00e0-le-FVVG-Copier.jpg\"><img fetchpriority=\"high\" decoding=\"async\" class=\"aligncenter size-full wp-image-3383\" src=\"http:\/\/www.tacoandco.fr\/wp-content\/uploads\/2016\/02\/Exposition-tr\u00e8s-traits-\u00e0-le-FVVG-Copier.jpg\" alt=\"Exposition tr\u00e8s traits \u00e0 le FVVG (Copier)\" width=\"512\" height=\"768\" srcset=\"https:\/\/www.tacoandco.fr\/wp-content\/uploads\/2016\/02\/Exposition-tr\u00e8s-traits-\u00e0-le-FVVG-Copier.jpg 512w, https:\/\/www.tacoandco.fr\/wp-content\/uploads\/2016\/02\/Exposition-tr\u00e8s-traits-\u00e0-le-FVVG-Copier-200x300.jpg 200w\" sizes=\"(max-width: 512px) 100vw, 512px\" \/><\/a><\/p>","protected":false},"excerpt":{"rendered":"<p>Une nouvelle exposition collective \u00ab\u00a0tr\u00e8s traits\u00a0\u00bb \u00e0 d\u00e9couvrir \u00e0 la Fondation Vincent Van Gogh d&rsquo;Arles jusqu&rsquo;au 24 Avril 2016. L&rsquo;exposition collective regroupera les travaux de\u00a0SILVIA B\u00c4CHLI, ISABELLE CORNARO, ADRIAN GHENIE, ANDREAS GURSKY ,EUG\u00c8NE LEROY , ROY LICHTENSTEIN et \u00a0CHRISTOPHER WOOL Ticket d&rsquo;entr\u00e9e \u00e0 tarif pr\u00e9f\u00e9rentiel de 7 euros pour les clients de Taco and Co<\/p>","protected":false},"author":2,"featured_media":3383,"comment_status":"closed","ping_status":"closed","sticky":false,"template":"","format":"standard","meta":{"footnotes":""},"categories":[4,3],"tags":[],"class_list":["post-3382","post","type-post","status-publish","format-standard","has-post-thumbnail","hentry","category-accueil","category-actualites","entry","has-media"],"aioseo_notices":[],"_links":{"self":[{"href":"https:\/\/www.tacoandco.fr\/en\/wp-json\/wp\/v2\/posts\/3382","targetHints":{"allow":["GET"]}}],"collection":[{"href":"https:\/\/www.tacoandco.fr\/en\/wp-json\/wp\/v2\/posts"}],"about":[{"href":"https:\/\/www.tacoandco.fr\/en\/wp-json\/wp\/v2\/types\/post"}],"author":[{"embeddable":true,"href":"https:\/\/www.tacoandco.fr\/en\/wp-json\/wp\/v2\/users\/2"}],"replies":[{"embeddable":true,"href":"https:\/\/www.tacoandco.fr\/en\/wp-json\/wp\/v2\/comments?post=3382"}],"version-history":[{"count":1,"href":"https:\/\/www.tacoandco.fr\/en\/wp-json\/wp\/v2\/posts\/3382\/revisions"}],"predecessor-version":[{"id":3384,"href":"https:\/\/www.tacoandco.fr\/en\/wp-json\/wp\/v2\/posts\/3382\/revisions\/3384"}],"wp:featuredmedia":[{"embeddable":true,"href":"https:\/\/www.tacoandco.fr\/en\/wp-json\/wp\/v2\/media\/3383"}],"wp:attachment":[{"href":"https:\/\/www.tacoandco.fr\/en\/wp-json\/wp\/v2\/media?parent=3382"}],"wp:term":[{"taxonomy":"category","embeddable":true,"href":"https:\/\/www.tacoandco.fr\/en\/wp-json\/wp\/v2\/categories?post=3382"},{"taxonomy":"post_tag","embeddable":true,"href":"https:\/\/www.tacoandco.fr\/en\/wp-json\/wp\/v2\/tags?post=3382"}],"curies":[{"name":"wp","href":"https:\/\/api.w.org\/{rel}","templated":true}]}}