{"id":3433,"date":"2016-06-07T16:58:30","date_gmt":"2016-06-07T14:58:30","guid":{"rendered":"http:\/\/www.tacoandco.fr\/?p=3433"},"modified":"2016-06-07T16:59:20","modified_gmt":"2016-06-07T14:59:20","slug":"marche-paysan-a-arles-tous-les-mardis-de-17h-a-20h-jusquen-octobre","status":"publish","type":"post","link":"https:\/\/www.tacoandco.fr\/en\/blog\/2016\/06\/07\/marche-paysan-a-arles-tous-les-mardis-de-17h-a-20h-jusquen-octobre\/","title":{"rendered":"March\u00e9 paysan \u00e0 Arles tous les mardis de 17h \u00e0 21h sur la place Voltaire."},"content":{"rendered":"<p>Un march\u00e9 paysan aura lieu tous les mardi de 17h \u00e0 21h sur la Place Voltaire d&rsquo;Arles jusqu&rsquo;en octobre.<\/p>\n<p>Plus de 15 producteurs du pays d&rsquo;Arles,mara\u00eecher, volailler, p\u00eacheur, ostr\u00e9iculteur, apiculteur, \u00e9leveur&#8230;s&rsquo;installeront tous les mardis de 17h \u00e0 21h place Voltaire. Ce nouveau march\u00e9 paysan est soutenu par l&rsquo;Adear 13, Association pour le d\u00e9veloppement de l&#8217;emploi agricole et rural, qui accompagne les agriculteurs dans leurs projets d&rsquo;installations et soutient les initiatives de commercialisation en circuits courts.<\/p>\n<p>A ne pas manquer!!!!<\/p>\n<p><a href=\"http:\/\/www.tacoandco.fr\/wp-content\/uploads\/2016\/06\/March\u00e9-\u00e0-Arles-Copier.jpg\"><img fetchpriority=\"high\" decoding=\"async\" class=\"aligncenter size-full wp-image-3434\" src=\"http:\/\/www.tacoandco.fr\/wp-content\/uploads\/2016\/06\/March\u00e9-\u00e0-Arles-Copier.jpg\" alt=\"March\u00e9 \u00e0 Arles (Copier)\" width=\"576\" height=\"768\" srcset=\"https:\/\/www.tacoandco.fr\/wp-content\/uploads\/2016\/06\/March\u00e9-\u00e0-Arles-Copier.jpg 576w, https:\/\/www.tacoandco.fr\/wp-content\/uploads\/2016\/06\/March\u00e9-\u00e0-Arles-Copier-225x300.jpg 225w\" sizes=\"(max-width: 576px) 100vw, 576px\" \/><\/a><\/p>\n<figure id=\"attachment_3435\" aria-describedby=\"caption-attachment-3435\" style=\"width: 1024px\" class=\"wp-caption aligncenter\"><a href=\"http:\/\/www.tacoandco.fr\/wp-content\/uploads\/2016\/06\/March\u00e9-paysan-\u00e0-Arles-Copier.jpg\"><img decoding=\"async\" class=\"size-large wp-image-3435\" src=\"http:\/\/www.tacoandco.fr\/wp-content\/uploads\/2016\/06\/March\u00e9-paysan-\u00e0-Arles-Copier-1024x768.jpg\" alt=\"March\u00e9 paysan \u00e0 Arles \" width=\"1024\" height=\"768\" srcset=\"https:\/\/www.tacoandco.fr\/wp-content\/uploads\/2016\/06\/March\u00e9-paysan-\u00e0-Arles-Copier.jpg 1024w, https:\/\/www.tacoandco.fr\/wp-content\/uploads\/2016\/06\/March\u00e9-paysan-\u00e0-Arles-Copier-300x225.jpg 300w\" sizes=\"(max-width: 1024px) 100vw, 1024px\" \/><\/a><figcaption id=\"caption-attachment-3435\" class=\"wp-caption-text\">March\u00e9 paysan \u00e0 Arles<\/figcaption><\/figure>","protected":false},"excerpt":{"rendered":"<p>Un march\u00e9 paysan aura lieu tous les mardi de 17h \u00e0 21h sur la Place Voltaire d&rsquo;Arles jusqu&rsquo;en octobre. Plus de 15 producteurs du pays d&rsquo;Arles,mara\u00eecher, volailler, p\u00eacheur, ostr\u00e9iculteur, apiculteur, \u00e9leveur&#8230;s&rsquo;installeront tous les mardis de 17h \u00e0 21h place Voltaire. Ce nouveau march\u00e9 paysan est soutenu par l&rsquo;Adear 13, Association pour le d\u00e9veloppement de l&#8217;emploi [&hellip;]<\/p>","protected":false},"author":2,"featured_media":3434,"comment_status":"closed","ping_status":"closed","sticky":false,"template":"","format":"standard","meta":{"footnotes":""},"categories":[4,3],"tags":[],"class_list":["post-3433","post","type-post","status-publish","format-standard","has-post-thumbnail","hentry","category-accueil","category-actualites","entry","has-media"],"aioseo_notices":[],"_links":{"self":[{"href":"https:\/\/www.tacoandco.fr\/en\/wp-json\/wp\/v2\/posts\/3433","targetHints":{"allow":["GET"]}}],"collection":[{"href":"https:\/\/www.tacoandco.fr\/en\/wp-json\/wp\/v2\/posts"}],"about":[{"href":"https:\/\/www.tacoandco.fr\/en\/wp-json\/wp\/v2\/types\/post"}],"author":[{"embeddable":true,"href":"https:\/\/www.tacoandco.fr\/en\/wp-json\/wp\/v2\/users\/2"}],"replies":[{"embeddable":true,"href":"https:\/\/www.tacoandco.fr\/en\/wp-json\/wp\/v2\/comments?post=3433"}],"version-history":[{"count":2,"href":"https:\/\/www.tacoandco.fr\/en\/wp-json\/wp\/v2\/posts\/3433\/revisions"}],"predecessor-version":[{"id":3437,"href":"https:\/\/www.tacoandco.fr\/en\/wp-json\/wp\/v2\/posts\/3433\/revisions\/3437"}],"wp:featuredmedia":[{"embeddable":true,"href":"https:\/\/www.tacoandco.fr\/en\/wp-json\/wp\/v2\/media\/3434"}],"wp:attachment":[{"href":"https:\/\/www.tacoandco.fr\/en\/wp-json\/wp\/v2\/media?parent=3433"}],"wp:term":[{"taxonomy":"category","embeddable":true,"href":"https:\/\/www.tacoandco.fr\/en\/wp-json\/wp\/v2\/categories?post=3433"},{"taxonomy":"post_tag","embeddable":true,"href":"https:\/\/www.tacoandco.fr\/en\/wp-json\/wp\/v2\/tags?post=3433"}],"curies":[{"name":"wp","href":"https:\/\/api.w.org\/{rel}","templated":true}]}}