{"id":3510,"date":"2016-11-17T08:55:40","date_gmt":"2016-11-17T07:55:40","guid":{"rendered":"http:\/\/www.tacoandco.fr\/?p=3510"},"modified":"2016-11-17T09:05:48","modified_gmt":"2016-11-17T08:05:48","slug":"le-cargo-de-nuit-a-arles-programme-2016","status":"publish","type":"post","link":"https:\/\/www.tacoandco.fr\/en\/blog\/2016\/11\/17\/le-cargo-de-nuit-a-arles-programme-2016\/","title":{"rendered":"Le Cargo de nuit \u00e0 Arles: Programme 2016"},"content":{"rendered":"<p>Le Cargo de nuit \u00e0 Arles vous invite \u00e0 d\u00e9couvrir G\u00e9n\u00e9ral Elektriks vendredi 18 Novembre 2016.<\/p>\n<p>D\u00e9couvrez toute la programmation du Cargo de nuit \u00e0 Arles:<a href=\"http:\/\/www.cargodenuit.com\/\" target=\"_blank\">http:\/\/www.cargodenuit.com\/<\/a><\/p>\n<p>Le Cargo de nuit, 7 Avenue Sadi Carnot 13200 Arles, 04 90 49 55 99<\/p>\n<p><a href=\"http:\/\/www.tacoandco.fr\/wp-content\/uploads\/2016\/11\/Programme-Cargo-de-nuit-2016-Copier.jpg\"><img fetchpriority=\"high\" decoding=\"async\" class=\"aligncenter size-full wp-image-3511\" src=\"http:\/\/www.tacoandco.fr\/wp-content\/uploads\/2016\/11\/Programme-Cargo-de-nuit-2016-Copier.jpg\" alt=\"programme-cargo-de-nuit-2016-copier\" width=\"576\" height=\"768\" srcset=\"https:\/\/www.tacoandco.fr\/wp-content\/uploads\/2016\/11\/Programme-Cargo-de-nuit-2016-Copier.jpg 576w, https:\/\/www.tacoandco.fr\/wp-content\/uploads\/2016\/11\/Programme-Cargo-de-nuit-2016-Copier-225x300.jpg 225w\" sizes=\"(max-width: 576px) 100vw, 576px\" \/><\/a><\/p>\n<p><a href=\"http:\/\/www.tacoandco.fr\/wp-content\/uploads\/2016\/11\/Cargo-de-nuit-2016-Copier.jpg\"><img decoding=\"async\" class=\"aligncenter size-full wp-image-3512\" src=\"http:\/\/www.tacoandco.fr\/wp-content\/uploads\/2016\/11\/Cargo-de-nuit-2016-Copier.jpg\" alt=\"cargo-de-nuit-2016-copier\" width=\"576\" height=\"768\" srcset=\"https:\/\/www.tacoandco.fr\/wp-content\/uploads\/2016\/11\/Cargo-de-nuit-2016-Copier.jpg 576w, https:\/\/www.tacoandco.fr\/wp-content\/uploads\/2016\/11\/Cargo-de-nuit-2016-Copier-225x300.jpg 225w\" sizes=\"(max-width: 576px) 100vw, 576px\" \/><\/a><\/p>","protected":false},"excerpt":{"rendered":"<p>Le Cargo de nuit \u00e0 Arles vous invite \u00e0 d\u00e9couvrir G\u00e9n\u00e9ral Elektriks vendredi 18 Novembre 2016. D\u00e9couvrez toute la programmation du Cargo de nuit \u00e0 Arles:http:\/\/www.cargodenuit.com\/ Le Cargo de nuit, 7 Avenue Sadi Carnot 13200 Arles, 04 90 49 55 99<\/p>","protected":false},"author":2,"featured_media":3511,"comment_status":"closed","ping_status":"closed","sticky":false,"template":"","format":"standard","meta":{"footnotes":""},"categories":[4,3,17,15,22],"tags":[],"class_list":["post-3510","post","type-post","status-publish","format-standard","has-post-thumbnail","hentry","category-accueil","category-actualites","category-bonnesadresses","category-liensutiles","category-ousortir","entry","has-media"],"aioseo_notices":[],"_links":{"self":[{"href":"https:\/\/www.tacoandco.fr\/en\/wp-json\/wp\/v2\/posts\/3510","targetHints":{"allow":["GET"]}}],"collection":[{"href":"https:\/\/www.tacoandco.fr\/en\/wp-json\/wp\/v2\/posts"}],"about":[{"href":"https:\/\/www.tacoandco.fr\/en\/wp-json\/wp\/v2\/types\/post"}],"author":[{"embeddable":true,"href":"https:\/\/www.tacoandco.fr\/en\/wp-json\/wp\/v2\/users\/2"}],"replies":[{"embeddable":true,"href":"https:\/\/www.tacoandco.fr\/en\/wp-json\/wp\/v2\/comments?post=3510"}],"version-history":[{"count":1,"href":"https:\/\/www.tacoandco.fr\/en\/wp-json\/wp\/v2\/posts\/3510\/revisions"}],"predecessor-version":[{"id":3513,"href":"https:\/\/www.tacoandco.fr\/en\/wp-json\/wp\/v2\/posts\/3510\/revisions\/3513"}],"wp:featuredmedia":[{"embeddable":true,"href":"https:\/\/www.tacoandco.fr\/en\/wp-json\/wp\/v2\/media\/3511"}],"wp:attachment":[{"href":"https:\/\/www.tacoandco.fr\/en\/wp-json\/wp\/v2\/media?parent=3510"}],"wp:term":[{"taxonomy":"category","embeddable":true,"href":"https:\/\/www.tacoandco.fr\/en\/wp-json\/wp\/v2\/categories?post=3510"},{"taxonomy":"post_tag","embeddable":true,"href":"https:\/\/www.tacoandco.fr\/en\/wp-json\/wp\/v2\/tags?post=3510"}],"curies":[{"name":"wp","href":"https:\/\/api.w.org\/{rel}","templated":true}]}}