{"id":3583,"date":"2017-04-12T09:43:12","date_gmt":"2017-04-12T07:43:12","guid":{"rendered":"http:\/\/www.tacoandco.fr\/?p=3583"},"modified":"2017-04-12T09:43:12","modified_gmt":"2017-04-12T07:43:12","slug":"feria-de-paques-darles-2017-navettes-gratuites-proposees-par-envia","status":"publish","type":"post","link":"https:\/\/www.tacoandco.fr\/en\/blog\/2017\/04\/12\/feria-de-paques-darles-2017-navettes-gratuites-proposees-par-envia\/","title":{"rendered":"F\u00e9ria de P\u00e2ques d&rsquo;Arles 2017: Navettes gratuites  propos\u00e9es par Envia"},"content":{"rendered":"<p>A l&rsquo;occasion de la f\u00e9ria de P\u00e2ques 2017 \u00e0 Arles, qui aura lieu du 14 au 17 Avril 2017, le r\u00e9seau Envia met \u00e0 votre disposition des bus nocturnes et gratuits pour vous ramener \u00e0 la maison.<\/p>\n<p>Du 14 au 17 avril 2017, pour rentrer de la f\u00e9ria d&rsquo;Arles, n\u2019h\u00e9sitez pas \u00e0 utiliser les navettes gratuites d\u2019Envia au d\u00e9part du parking Gabriel P\u00e9ri.<\/p>\n<p>Ces navettes desservent Salin de Giraud, Mas Thibert, St Martin de crau, Raph\u00e8le et Tarascon, 3 d\u00e9parts sont pr\u00e9vus \u00e0 00h00, 01h30 et 03h00.<\/p>\n<p>Plus d\u2019informations sur<a title=\" www.tout-envia.com\" href=\"http:\/\/%20www.tout-envia.com\/\" target=\"_blank\">\u00a0www.tout-envia.com<\/a>\u00a0ou au 0810000818<\/p>\n<p><a href=\"http:\/\/www.tacoandco.fr\/wp-content\/uploads\/2017\/04\/IMG_5705-Copier.jpg\"><img fetchpriority=\"high\" decoding=\"async\" class=\"aligncenter size-full wp-image-3584\" src=\"http:\/\/www.tacoandco.fr\/wp-content\/uploads\/2017\/04\/IMG_5705-Copier.jpg\" alt=\"IMG_5705 (Copier)\" width=\"1152\" height=\"768\" \/><\/a><\/p>\n<p><a href=\"http:\/\/www.tacoandco.fr\/wp-content\/uploads\/2017\/04\/IMG_5707-Copier.jpg\"><img decoding=\"async\" class=\"aligncenter size-full wp-image-3585\" src=\"http:\/\/www.tacoandco.fr\/wp-content\/uploads\/2017\/04\/IMG_5707-Copier.jpg\" alt=\"IMG_5707 (Copier)\" width=\"512\" height=\"768\" \/><\/a><\/p>","protected":false},"excerpt":{"rendered":"<p>A l&rsquo;occasion de la f\u00e9ria de P\u00e2ques 2017 \u00e0 Arles, qui aura lieu du 14 au 17 Avril 2017, le r\u00e9seau Envia met \u00e0 votre disposition des bus nocturnes et gratuits pour vous ramener \u00e0 la maison. Du 14 au 17 avril 2017, pour rentrer de la f\u00e9ria d&rsquo;Arles, n\u2019h\u00e9sitez pas \u00e0 utiliser les navettes [&hellip;]<\/p>","protected":false},"author":2,"featured_media":3585,"comment_status":"closed","ping_status":"closed","sticky":false,"template":"","format":"standard","meta":{"footnotes":""},"categories":[4,3],"tags":[],"class_list":["post-3583","post","type-post","status-publish","format-standard","has-post-thumbnail","hentry","category-accueil","category-actualites","entry","has-media"],"aioseo_notices":[],"_links":{"self":[{"href":"https:\/\/www.tacoandco.fr\/en\/wp-json\/wp\/v2\/posts\/3583","targetHints":{"allow":["GET"]}}],"collection":[{"href":"https:\/\/www.tacoandco.fr\/en\/wp-json\/wp\/v2\/posts"}],"about":[{"href":"https:\/\/www.tacoandco.fr\/en\/wp-json\/wp\/v2\/types\/post"}],"author":[{"embeddable":true,"href":"https:\/\/www.tacoandco.fr\/en\/wp-json\/wp\/v2\/users\/2"}],"replies":[{"embeddable":true,"href":"https:\/\/www.tacoandco.fr\/en\/wp-json\/wp\/v2\/comments?post=3583"}],"version-history":[{"count":1,"href":"https:\/\/www.tacoandco.fr\/en\/wp-json\/wp\/v2\/posts\/3583\/revisions"}],"predecessor-version":[{"id":3586,"href":"https:\/\/www.tacoandco.fr\/en\/wp-json\/wp\/v2\/posts\/3583\/revisions\/3586"}],"wp:featuredmedia":[{"embeddable":true,"href":"https:\/\/www.tacoandco.fr\/en\/wp-json\/wp\/v2\/media\/3585"}],"wp:attachment":[{"href":"https:\/\/www.tacoandco.fr\/en\/wp-json\/wp\/v2\/media?parent=3583"}],"wp:term":[{"taxonomy":"category","embeddable":true,"href":"https:\/\/www.tacoandco.fr\/en\/wp-json\/wp\/v2\/categories?post=3583"},{"taxonomy":"post_tag","embeddable":true,"href":"https:\/\/www.tacoandco.fr\/en\/wp-json\/wp\/v2\/tags?post=3583"}],"curies":[{"name":"wp","href":"https:\/\/api.w.org\/{rel}","templated":true}]}}