{"id":3591,"date":"2017-04-18T17:13:29","date_gmt":"2017-04-18T15:13:29","guid":{"rendered":"http:\/\/www.tacoandco.fr\/?p=3591"},"modified":"2017-04-18T17:13:29","modified_gmt":"2017-04-18T15:13:29","slug":"week-end-arles-contemporain-22-et-23-avril-2017-a-arles","status":"publish","type":"post","link":"https:\/\/www.tacoandco.fr\/en\/blog\/2017\/04\/18\/week-end-arles-contemporain-22-et-23-avril-2017-a-arles\/","title":{"rendered":"Week-end Arles Contemporain: 22 et 23 Avril 2017 \u00e0 Arles"},"content":{"rendered":"<p>Le week-end du 22 et 23 Avril 2017 \u00e0 Arles sera d\u00e9di\u00e9 \u00e0 l&rsquo;Art contemporain avec \u00ab\u00a0le week-end Arles contemporain\u00a0\u00bb<\/p>\n<p>A l&rsquo;occasion de ce \u00ab\u00a0week-end Arles contemporain\u00a0\u00bb, d\u00e9couvrez plus de 17 lieux d&rsquo;Art contemporain dans le centre historique d&rsquo;Arles.<\/p>\n<p>Au programme des vernissages, des concerts, performances, lectures,&#8230;..<\/p>\n<p>Retrouvez le programme complet du week-end d&rsquo;Arles contemporain sur:<a href=\"https:\/\/arles-contemporain.com\/111213-avril-le-week-end-arles-contemporain\/\" target=\"_blank\">https:\/\/arles-contemporain.com\/111213-avril-le-week-end-arles-contemporain\/<\/a><\/p>\n<p><a href=\"http:\/\/www.tacoandco.fr\/wp-content\/uploads\/2017\/04\/IMG_0328-Copier.jpg\"><img fetchpriority=\"high\" decoding=\"async\" class=\"aligncenter size-full wp-image-3592\" src=\"http:\/\/www.tacoandco.fr\/wp-content\/uploads\/2017\/04\/IMG_0328-Copier.jpg\" alt=\"IMG_0328 (Copier)\" width=\"576\" height=\"768\" \/><\/a><\/p>\n<p><a href=\"http:\/\/www.tacoandco.fr\/wp-content\/uploads\/2017\/04\/IMG_0326-Copier.jpg\"><img decoding=\"async\" class=\"aligncenter size-full wp-image-3593\" src=\"http:\/\/www.tacoandco.fr\/wp-content\/uploads\/2017\/04\/IMG_0326-Copier.jpg\" alt=\"IMG_0326 (Copier)\" width=\"576\" height=\"768\" \/><\/a><\/p>","protected":false},"excerpt":{"rendered":"<p>Le week-end du 22 et 23 Avril 2017 \u00e0 Arles sera d\u00e9di\u00e9 \u00e0 l&rsquo;Art contemporain avec \u00ab\u00a0le week-end Arles contemporain\u00a0\u00bb A l&rsquo;occasion de ce \u00ab\u00a0week-end Arles contemporain\u00a0\u00bb, d\u00e9couvrez plus de 17 lieux d&rsquo;Art contemporain dans le centre historique d&rsquo;Arles. Au programme des vernissages, des concerts, performances, lectures,&#8230;.. Retrouvez le programme complet du week-end d&rsquo;Arles contemporain [&hellip;]<\/p>","protected":false},"author":2,"featured_media":3592,"comment_status":"closed","ping_status":"closed","sticky":false,"template":"","format":"standard","meta":{"footnotes":""},"categories":[4,3],"tags":[],"class_list":["post-3591","post","type-post","status-publish","format-standard","has-post-thumbnail","hentry","category-accueil","category-actualites","entry","has-media"],"aioseo_notices":[],"_links":{"self":[{"href":"https:\/\/www.tacoandco.fr\/en\/wp-json\/wp\/v2\/posts\/3591","targetHints":{"allow":["GET"]}}],"collection":[{"href":"https:\/\/www.tacoandco.fr\/en\/wp-json\/wp\/v2\/posts"}],"about":[{"href":"https:\/\/www.tacoandco.fr\/en\/wp-json\/wp\/v2\/types\/post"}],"author":[{"embeddable":true,"href":"https:\/\/www.tacoandco.fr\/en\/wp-json\/wp\/v2\/users\/2"}],"replies":[{"embeddable":true,"href":"https:\/\/www.tacoandco.fr\/en\/wp-json\/wp\/v2\/comments?post=3591"}],"version-history":[{"count":1,"href":"https:\/\/www.tacoandco.fr\/en\/wp-json\/wp\/v2\/posts\/3591\/revisions"}],"predecessor-version":[{"id":3594,"href":"https:\/\/www.tacoandco.fr\/en\/wp-json\/wp\/v2\/posts\/3591\/revisions\/3594"}],"wp:featuredmedia":[{"embeddable":true,"href":"https:\/\/www.tacoandco.fr\/en\/wp-json\/wp\/v2\/media\/3592"}],"wp:attachment":[{"href":"https:\/\/www.tacoandco.fr\/en\/wp-json\/wp\/v2\/media?parent=3591"}],"wp:term":[{"taxonomy":"category","embeddable":true,"href":"https:\/\/www.tacoandco.fr\/en\/wp-json\/wp\/v2\/categories?post=3591"},{"taxonomy":"post_tag","embeddable":true,"href":"https:\/\/www.tacoandco.fr\/en\/wp-json\/wp\/v2\/tags?post=3591"}],"curies":[{"name":"wp","href":"https:\/\/api.w.org\/{rel}","templated":true}]}}