{"id":3654,"date":"2017-09-08T11:13:26","date_gmt":"2017-09-08T09:13:26","guid":{"rendered":"http:\/\/www.tacoandco.fr\/?p=3654"},"modified":"2017-09-08T11:13:26","modified_gmt":"2017-09-08T09:13:26","slug":"feria-du-riz-2017-a-arlesnavettes-gratuites-proposees-par-envia","status":"publish","type":"post","link":"https:\/\/www.tacoandco.fr\/en\/blog\/2017\/09\/08\/feria-du-riz-2017-a-arlesnavettes-gratuites-proposees-par-envia\/","title":{"rendered":"F\u00e9ria du riz 2017 \u00e0 Arles:Navettes gratuites propos\u00e9es par Envia"},"content":{"rendered":"<p>A l\u2019occasion de la f\u00e9ria du riz 2017 \u00e0 Arles, qui aura lieu du\u00a008 au 10\u00a0septembre 2017, le r\u00e9seau Envia met \u00e0 votre disposition des bus nocturnes et gratuits pour vous ramener \u00e0 la maison.<\/p>\n<p>Du\u00a008 au 10 septembre 2017, pour rentrer de la f\u00e9ria d\u2019Arles, n\u2019h\u00e9sitez pas \u00e0 utiliser les navettes gratuites d\u2019Envia au d\u00e9part du parking Gabriel P\u00e9ri.<\/p>\n<p>Ces navettes desservent Salin de Giraud, Mas Thibert, St Martin de crau, Raph\u00e8le et Tarascon, 3 d\u00e9parts sont pr\u00e9vus \u00e0 00h00, 01h30 et 03h00.<\/p>\n<p>Plus d\u2019informations sur<a title=\" www.tout-envia.com\" href=\"http:\/\/%20www.tout-envia.com\/\" target=\"_blank\" rel=\"noopener noreferrer\">\u00a0<\/a>\u00a0<a href=\"http:\/\/www.agglo-accm.fr\/rentrez-en-toute-securite-!.html\">http:\/\/www.agglo-accm.fr\/rentrez-en-toute-securite-!.html<\/a> ou au 0810000818<\/p>\n<p><a href=\"http:\/\/www.tacoandco.fr\/wp-content\/uploads\/2017\/09\/IMG_6122-Copier.jpg\"><img fetchpriority=\"high\" decoding=\"async\" class=\"aligncenter size-full wp-image-3655\" src=\"http:\/\/www.tacoandco.fr\/wp-content\/uploads\/2017\/09\/IMG_6122-Copier.jpg\" alt=\"\" width=\"512\" height=\"768\" \/><\/a><\/p>\n<p><a href=\"http:\/\/www.tacoandco.fr\/wp-content\/uploads\/2017\/09\/IMG_6138-Copier.jpg\"><img decoding=\"async\" class=\"aligncenter size-full wp-image-3656\" src=\"http:\/\/www.tacoandco.fr\/wp-content\/uploads\/2017\/09\/IMG_6138-Copier.jpg\" alt=\"\" width=\"512\" height=\"768\" \/><\/a><\/p>\n<p>&nbsp;<\/p>","protected":false},"excerpt":{"rendered":"<p>A l\u2019occasion de la f\u00e9ria du riz 2017 \u00e0 Arles, qui aura lieu du\u00a008 au 10\u00a0septembre 2017, le r\u00e9seau Envia met \u00e0 votre disposition des bus nocturnes et gratuits pour vous ramener \u00e0 la maison. Du\u00a008 au 10 septembre 2017, pour rentrer de la f\u00e9ria d\u2019Arles, n\u2019h\u00e9sitez pas \u00e0 utiliser les navettes gratuites d\u2019Envia au [&hellip;]<\/p>","protected":false},"author":2,"featured_media":3657,"comment_status":"closed","ping_status":"closed","sticky":false,"template":"","format":"standard","meta":{"footnotes":""},"categories":[4,3],"tags":[],"class_list":["post-3654","post","type-post","status-publish","format-standard","has-post-thumbnail","hentry","category-accueil","category-actualites","entry","has-media"],"aioseo_notices":[],"_links":{"self":[{"href":"https:\/\/www.tacoandco.fr\/en\/wp-json\/wp\/v2\/posts\/3654","targetHints":{"allow":["GET"]}}],"collection":[{"href":"https:\/\/www.tacoandco.fr\/en\/wp-json\/wp\/v2\/posts"}],"about":[{"href":"https:\/\/www.tacoandco.fr\/en\/wp-json\/wp\/v2\/types\/post"}],"author":[{"embeddable":true,"href":"https:\/\/www.tacoandco.fr\/en\/wp-json\/wp\/v2\/users\/2"}],"replies":[{"embeddable":true,"href":"https:\/\/www.tacoandco.fr\/en\/wp-json\/wp\/v2\/comments?post=3654"}],"version-history":[{"count":1,"href":"https:\/\/www.tacoandco.fr\/en\/wp-json\/wp\/v2\/posts\/3654\/revisions"}],"predecessor-version":[{"id":3658,"href":"https:\/\/www.tacoandco.fr\/en\/wp-json\/wp\/v2\/posts\/3654\/revisions\/3658"}],"wp:featuredmedia":[{"embeddable":true,"href":"https:\/\/www.tacoandco.fr\/en\/wp-json\/wp\/v2\/media\/3657"}],"wp:attachment":[{"href":"https:\/\/www.tacoandco.fr\/en\/wp-json\/wp\/v2\/media?parent=3654"}],"wp:term":[{"taxonomy":"category","embeddable":true,"href":"https:\/\/www.tacoandco.fr\/en\/wp-json\/wp\/v2\/categories?post=3654"},{"taxonomy":"post_tag","embeddable":true,"href":"https:\/\/www.tacoandco.fr\/en\/wp-json\/wp\/v2\/tags?post=3654"}],"curies":[{"name":"wp","href":"https:\/\/api.w.org\/{rel}","templated":true}]}}