{"id":3659,"date":"2017-09-13T09:30:50","date_gmt":"2017-09-13T07:30:50","guid":{"rendered":"http:\/\/www.tacoandco.fr\/?p=3659"},"modified":"2017-09-13T09:32:26","modified_gmt":"2017-09-13T07:32:26","slug":"droles-doiseaux-dessins-et-collages-de-pierre-desfons-a-la-flair-galerie-darles","status":"publish","type":"post","link":"https:\/\/www.tacoandco.fr\/en\/blog\/2017\/09\/13\/droles-doiseaux-dessins-et-collages-de-pierre-desfons-a-la-flair-galerie-darles\/","title":{"rendered":"Dr\u00f4les d&rsquo;oiseaux, dessins et collages de Pierre Desfons \u00e0 la Flair galerie d&rsquo;Arles"},"content":{"rendered":"<p>Nouvelle exposition \u00e0 la Flair galerie d&rsquo;Arles intitul\u00e9e\u00a0\u00bb Dr\u00f4les d&rsquo;oiseaux\u00a0\u00bb.<\/p>\n<p>Du 2 septembre au 24 Novembre, Flair galerie vous pr\u00e9sente les oeuvres du peintre Pierre Desfons, principalement des dessins et des collages d&rsquo;animaux d\u00e9lirants sortis de son imaginaire.<\/p>\n<p>Toutes les informations sur cette tr\u00e8s belle exposition:\u00a0<a href=\"http:\/\/www.flairgalerie.com\/exposition\/pierre-desfons-droles-doiseaux-dessin-collage\/\">http:\/\/www.flairgalerie.com\/exposition\/pierre-desfons-droles-doiseaux-dessin-collage\/<\/a><\/p>\n<p><a href=\"http:\/\/www.tacoandco.fr\/wp-content\/uploads\/2017\/09\/IMG_6142-Copier.jpg\"><img fetchpriority=\"high\" decoding=\"async\" class=\"aligncenter size-full wp-image-3660\" src=\"http:\/\/www.tacoandco.fr\/wp-content\/uploads\/2017\/09\/IMG_6142-Copier.jpg\" alt=\"\" width=\"1152\" height=\"768\" \/><\/a><\/p>\n<p><a href=\"http:\/\/www.tacoandco.fr\/wp-content\/uploads\/2017\/09\/IMG_6143-Copier.jpg\"><img decoding=\"async\" class=\"aligncenter size-full wp-image-3661\" src=\"http:\/\/www.tacoandco.fr\/wp-content\/uploads\/2017\/09\/IMG_6143-Copier.jpg\" alt=\"\" width=\"512\" height=\"768\" \/><\/a><\/p>","protected":false},"excerpt":{"rendered":"<p>Nouvelle exposition \u00e0 la Flair galerie d&rsquo;Arles intitul\u00e9e\u00a0\u00bb Dr\u00f4les d&rsquo;oiseaux\u00a0\u00bb. Du 2 septembre au 24 Novembre, Flair galerie vous pr\u00e9sente les oeuvres du peintre Pierre Desfons, principalement des dessins et des collages d&rsquo;animaux d\u00e9lirants sortis de son imaginaire. Toutes les informations sur cette tr\u00e8s belle exposition:\u00a0http:\/\/www.flairgalerie.com\/exposition\/pierre-desfons-droles-doiseaux-dessin-collage\/<\/p>","protected":false},"author":2,"featured_media":3662,"comment_status":"closed","ping_status":"closed","sticky":false,"template":"","format":"standard","meta":{"footnotes":""},"categories":[4,3],"tags":[],"class_list":["post-3659","post","type-post","status-publish","format-standard","has-post-thumbnail","hentry","category-accueil","category-actualites","entry","has-media"],"aioseo_notices":[],"_links":{"self":[{"href":"https:\/\/www.tacoandco.fr\/en\/wp-json\/wp\/v2\/posts\/3659","targetHints":{"allow":["GET"]}}],"collection":[{"href":"https:\/\/www.tacoandco.fr\/en\/wp-json\/wp\/v2\/posts"}],"about":[{"href":"https:\/\/www.tacoandco.fr\/en\/wp-json\/wp\/v2\/types\/post"}],"author":[{"embeddable":true,"href":"https:\/\/www.tacoandco.fr\/en\/wp-json\/wp\/v2\/users\/2"}],"replies":[{"embeddable":true,"href":"https:\/\/www.tacoandco.fr\/en\/wp-json\/wp\/v2\/comments?post=3659"}],"version-history":[{"count":3,"href":"https:\/\/www.tacoandco.fr\/en\/wp-json\/wp\/v2\/posts\/3659\/revisions"}],"predecessor-version":[{"id":3665,"href":"https:\/\/www.tacoandco.fr\/en\/wp-json\/wp\/v2\/posts\/3659\/revisions\/3665"}],"wp:featuredmedia":[{"embeddable":true,"href":"https:\/\/www.tacoandco.fr\/en\/wp-json\/wp\/v2\/media\/3662"}],"wp:attachment":[{"href":"https:\/\/www.tacoandco.fr\/en\/wp-json\/wp\/v2\/media?parent=3659"}],"wp:term":[{"taxonomy":"category","embeddable":true,"href":"https:\/\/www.tacoandco.fr\/en\/wp-json\/wp\/v2\/categories?post=3659"},{"taxonomy":"post_tag","embeddable":true,"href":"https:\/\/www.tacoandco.fr\/en\/wp-json\/wp\/v2\/tags?post=3659"}],"curies":[{"name":"wp","href":"https:\/\/api.w.org\/{rel}","templated":true}]}}