{"id":376,"date":"2010-07-01T15:00:47","date_gmt":"2010-07-01T15:00:47","guid":{"rendered":"http:\/\/www.tacoandco.fr\/?p=376"},"modified":"2010-07-06T10:17:04","modified_gmt":"2010-07-06T10:17:04","slug":"les-afters-des-rencontres-darles","status":"publish","type":"post","link":"https:\/\/www.tacoandco.fr\/en\/blog\/2010\/07\/01\/les-afters-des-rencontres-darles\/","title":{"rendered":"Les Afters des Rencontres d&rsquo;Arles 2010"},"content":{"rendered":"<p><strong><span style=\"text-decoration: underline;\">Taco and Co<\/span> vous invite aux Afters des rencontres d&rsquo;Arles:<\/strong><\/p>\n<p><strong>Lundi 5 juillet <\/strong> ATELIER DES FORGES \/ 22h &#8211; 3h30 \/ 3\u20ac<br \/>\n<strong>ARIEL WIZMAN<\/strong><br \/>\n<strong>VALENTINE \/ ADS + Ulysse(YelloRainboRecords)<\/strong><\/p>\n<p>Le c\u00e9l\u00e8bre chroniqueur de Canal +aux platines avec ses p\u00e9pites musicales. Entour\u00e9 de Valentine\u00a0 et le label Yello Rainbo Records.<\/p>\n<p><img decoding=\"async\" src=\"http:\/\/www.rencontres-arles.com\/DOC2009\/ARL\/Media\/TRMisc\/2\/G\/K\/9\/A091440.jpg\" alt=\"\" width=\"505\" height=\"6\" \/><\/p>\n<p><strong>Mardi 6 juillet <\/strong> ATELIER DES FORGES \/ 22h &#8211; 3h30 \/ 3\u20ac<br \/>\n<strong>KHEOPS, LE DJ D\u2019IAM<\/strong><br \/>\n<strong>VALENTINE \/ KETCHOW<\/strong><\/p>\n<p>Kheops, auteur de nombreuses instrumentales et scratchs mythiques du groupe IAM ressort ses vieux vinyls funk et hip-hop en fin de soir\u00e9e, \u00e9chauff\u00e9e auparavant par Valentine et Dj Ketchow.<\/p>\n<p><img decoding=\"async\" src=\"http:\/\/www.rencontres-arles.com\/DOC2009\/ARL\/Media\/TRMisc\/2\/G\/K\/9\/A091440.jpg\" alt=\"\" width=\"505\" height=\"6\" \/><\/p>\n<p><strong>Mercedi 7 juillet <\/strong> ATELIER DES FORGES \/ 20h &#8211; 3h30 \/ 3\u20ac<br \/>\n<strong>LES DJ\u2019S DU SOLEIL<br \/>\n(MASSILIA SOUND SYSTEM)<\/strong><br \/>\n<strong>ALAIN ARSAC (FATCHE 2) \/ DEONE <\/strong><\/p>\n<p>Un ap\u00e9ro d\u00e8s 20h avec les Dj\u2019s du Soleil, accompagn\u00e9s par Alain Arsac &amp; Deone, deux Djs bien connus dans la r\u00e9gion.<\/p>\n<p><img decoding=\"async\" src=\"http:\/\/www.rencontres-arles.com\/DOC2009\/ARL\/Media\/TRMisc\/2\/G\/K\/9\/A091440.jpg\" alt=\"\" width=\"505\" height=\"6\" \/><\/p>\n<p><strong>Jeudi 8 juillet <\/strong> ATELIER DES FORGES \/ 22h &#8211; 3h30 \/ 3\u20ac<br \/>\n<strong>DJ ZEBRA<br \/>\n<\/strong><strong>VALENTINE \/ PAUL FERRIER<\/strong><\/p>\n<p>DJ Zebra : \u00ab Le roi du bootleg \u00bb, animateur de son \u00e9mission sur Le Mouv\u2019, se pr\u00e9pare \u00e0 en faire voir de toutes les couleurs au public.<\/p>\n<p><img decoding=\"async\" src=\"http:\/\/www.rencontres-arles.com\/DOC2009\/ARL\/Media\/TRMisc\/2\/G\/K\/9\/A091440.jpg\" alt=\"\" width=\"505\" height=\"6\" \/><\/p>\n<p><strong>Samedi 9 juillet <\/strong> CARGO DE NUIT \/ \u00e0 partir de 22h \/ 3\u20ac<br \/>\n<strong>VOXPOP MAGAZINE\u2019S DJ<br \/>\n<\/strong><strong>VALENTINE \/ MAT. G<\/strong><\/p>\n<p>Le magazine VoxPop nous envoie ses meilleures recrues pour finir cette semaine d\u2019Afters. Valentine au warm-up et Mat.G au finish !<\/p>\n<p><img decoding=\"async\" src=\"http:\/\/www.rencontres-arles.com\/DOC2009\/ARL\/Media\/TRMisc\/2\/G\/K\/9\/A091440.jpg\" alt=\"\" width=\"505\" height=\"6\" \/><\/p>","protected":false},"excerpt":{"rendered":"<p>Taco and Co vous invite aux Afters des rencontres d&rsquo;Arles: Lundi 5 juillet ATELIER DES FORGES \/ 22h &#8211; 3h30 \/ 3\u20ac ARIEL WIZMAN VALENTINE \/ ADS + Ulysse(YelloRainboRecords) Le c\u00e9l\u00e8bre chroniqueur de Canal +aux platines avec ses p\u00e9pites musicales. Entour\u00e9 de Valentine\u00a0 et le label Yello Rainbo Records. Mardi 6 juillet ATELIER DES FORGES [&hellip;]<\/p>","protected":false},"author":3,"featured_media":409,"comment_status":"closed","ping_status":"closed","sticky":false,"template":"","format":"standard","meta":{"footnotes":""},"categories":[4,3],"tags":[],"class_list":["post-376","post","type-post","status-publish","format-standard","has-post-thumbnail","hentry","category-accueil","category-actualites","entry","has-media"],"aioseo_notices":[],"_links":{"self":[{"href":"https:\/\/www.tacoandco.fr\/en\/wp-json\/wp\/v2\/posts\/376","targetHints":{"allow":["GET"]}}],"collection":[{"href":"https:\/\/www.tacoandco.fr\/en\/wp-json\/wp\/v2\/posts"}],"about":[{"href":"https:\/\/www.tacoandco.fr\/en\/wp-json\/wp\/v2\/types\/post"}],"author":[{"embeddable":true,"href":"https:\/\/www.tacoandco.fr\/en\/wp-json\/wp\/v2\/users\/3"}],"replies":[{"embeddable":true,"href":"https:\/\/www.tacoandco.fr\/en\/wp-json\/wp\/v2\/comments?post=376"}],"version-history":[{"count":0,"href":"https:\/\/www.tacoandco.fr\/en\/wp-json\/wp\/v2\/posts\/376\/revisions"}],"wp:featuredmedia":[{"embeddable":true,"href":"https:\/\/www.tacoandco.fr\/en\/wp-json\/wp\/v2\/media\/409"}],"wp:attachment":[{"href":"https:\/\/www.tacoandco.fr\/en\/wp-json\/wp\/v2\/media?parent=376"}],"wp:term":[{"taxonomy":"category","embeddable":true,"href":"https:\/\/www.tacoandco.fr\/en\/wp-json\/wp\/v2\/categories?post=376"},{"taxonomy":"post_tag","embeddable":true,"href":"https:\/\/www.tacoandco.fr\/en\/wp-json\/wp\/v2\/tags?post=376"}],"curies":[{"name":"wp","href":"https:\/\/api.w.org\/{rel}","templated":true}]}}