{"id":4224,"date":"2018-05-16T10:03:18","date_gmt":"2018-05-16T08:03:18","guid":{"rendered":"http:\/\/www.tacoandco.fr\/?p=4224"},"modified":"2018-05-16T10:07:11","modified_gmt":"2018-05-16T08:07:11","slug":"le-festival-jazz-in-arles-aura-lieu-du-16-au-26-mai-2018","status":"publish","type":"post","link":"https:\/\/www.tacoandco.fr\/en\/blog\/2018\/05\/16\/le-festival-jazz-in-arles-aura-lieu-du-16-au-26-mai-2018\/","title":{"rendered":"Le Festival Jazz in Arles aura lieu du 16 au 26 Mai 2018"},"content":{"rendered":"<p>L&rsquo;association du M\u00e9jean vous pr\u00e9sente la 23\u00e8me \u00e9dition du festival Jazz in Arles qui aura lieu du 16 au 26 Mai 2018 \u00e0 la chapelle du M\u00e9jean.<\/p>\n<p>La programmation de cette 23<sup>e<\/sup>\u00a0\u00e9dition, de Jazz in Arles sera engag\u00e9e, \u00e9clectique et ouverte \u00e0 tous les publics, voici le lien pour acc\u00e9der eu programme complet<\/p>\n<p><a href=\"http:\/\/www.lemejan.com\/23e-jazz-in-arles-e-1391.htm\">http:\/\/www.lemejan.com\/23e-jazz-in-arles-e-1391.htm<\/a><a href=\"http:\/\/www.tacoandco.fr\/wp-content\/uploads\/2018\/05\/Jazz-en-Arles.jpg\"><br \/>\n<\/a><\/p>\n<p><a href=\"http:\/\/www.tacoandco.fr\/wp-content\/uploads\/2018\/05\/Jazz-en-Arles-Copier.jpg\"><img fetchpriority=\"high\" decoding=\"async\" class=\"aligncenter size-full wp-image-4227\" src=\"http:\/\/www.tacoandco.fr\/wp-content\/uploads\/2018\/05\/Jazz-en-Arles-Copier.jpg\" alt=\"\" width=\"431\" height=\"768\" srcset=\"https:\/\/www.tacoandco.fr\/wp-content\/uploads\/2018\/05\/Jazz-en-Arles-Copier.jpg 431w, https:\/\/www.tacoandco.fr\/wp-content\/uploads\/2018\/05\/Jazz-en-Arles-Copier-168x300.jpg 168w\" sizes=\"(max-width: 431px) 100vw, 431px\" \/><\/a><\/p>","protected":false},"excerpt":{"rendered":"<p>L&rsquo;association du M\u00e9jean vous pr\u00e9sente la 23\u00e8me \u00e9dition du festival Jazz in Arles qui aura lieu du 16 au 26 Mai 2018 \u00e0 la chapelle du M\u00e9jean. La programmation de cette 23e\u00a0\u00e9dition, de Jazz in Arles sera engag\u00e9e, \u00e9clectique et ouverte \u00e0 tous les publics, voici le lien pour acc\u00e9der eu programme complet http:\/\/www.lemejan.com\/23e-jazz-in-arles-e-1391.htm<\/p>","protected":false},"author":2,"featured_media":4227,"comment_status":"closed","ping_status":"closed","sticky":false,"template":"","format":"standard","meta":{"footnotes":""},"categories":[4,3],"tags":[],"class_list":["post-4224","post","type-post","status-publish","format-standard","has-post-thumbnail","hentry","category-accueil","category-actualites","entry","has-media"],"aioseo_notices":[],"_links":{"self":[{"href":"https:\/\/www.tacoandco.fr\/en\/wp-json\/wp\/v2\/posts\/4224","targetHints":{"allow":["GET"]}}],"collection":[{"href":"https:\/\/www.tacoandco.fr\/en\/wp-json\/wp\/v2\/posts"}],"about":[{"href":"https:\/\/www.tacoandco.fr\/en\/wp-json\/wp\/v2\/types\/post"}],"author":[{"embeddable":true,"href":"https:\/\/www.tacoandco.fr\/en\/wp-json\/wp\/v2\/users\/2"}],"replies":[{"embeddable":true,"href":"https:\/\/www.tacoandco.fr\/en\/wp-json\/wp\/v2\/comments?post=4224"}],"version-history":[{"count":1,"href":"https:\/\/www.tacoandco.fr\/en\/wp-json\/wp\/v2\/posts\/4224\/revisions"}],"predecessor-version":[{"id":4228,"href":"https:\/\/www.tacoandco.fr\/en\/wp-json\/wp\/v2\/posts\/4224\/revisions\/4228"}],"wp:featuredmedia":[{"embeddable":true,"href":"https:\/\/www.tacoandco.fr\/en\/wp-json\/wp\/v2\/media\/4227"}],"wp:attachment":[{"href":"https:\/\/www.tacoandco.fr\/en\/wp-json\/wp\/v2\/media?parent=4224"}],"wp:term":[{"taxonomy":"category","embeddable":true,"href":"https:\/\/www.tacoandco.fr\/en\/wp-json\/wp\/v2\/categories?post=4224"},{"taxonomy":"post_tag","embeddable":true,"href":"https:\/\/www.tacoandco.fr\/en\/wp-json\/wp\/v2\/tags?post=4224"}],"curies":[{"name":"wp","href":"https:\/\/api.w.org\/{rel}","templated":true}]}}