{"id":4310,"date":"2018-11-16T10:33:27","date_gmt":"2018-11-16T09:33:27","guid":{"rendered":"http:\/\/www.tacoandco.fr\/?p=4310"},"modified":"2018-11-16T10:33:27","modified_gmt":"2018-11-16T09:33:27","slug":"novembre-2018-mois-de-leconomie-sociale-et-solidaire-rencontres-autour-de-leconomie-circulaire","status":"publish","type":"post","link":"https:\/\/www.tacoandco.fr\/en\/blog\/2018\/11\/16\/novembre-2018-mois-de-leconomie-sociale-et-solidaire-rencontres-autour-de-leconomie-circulaire\/","title":{"rendered":"Novembre 2018: Mois de l&rsquo;\u00e9conomie sociale et solidaire\/rencontres autour de l&rsquo;\u00e9conomie circulaire"},"content":{"rendered":"<p>Novembre c&rsquo;est le mois de l&rsquo;\u00e9conomie sociale et solidaire.<\/p>\n<p>L&rsquo;ACCM du pays d&rsquo;Arles vous invite \u00e0 participer dans le cadre du mois de l&rsquo;\u00e9conomie sociale et solidaire aux rencontres de l&rsquo;\u00e9conomie circulaire \u00e0 la Fondation Luma le 20 Novembre 2018<\/p>\n<p>D\u00e9couvrez \u00e9galement toutes les animations, rencontres, conf\u00e9rences autour de l&rsquo;\u00e9conomie sociale et solidaire dans le pays d&rsquo;Arles et votre r\u00e9gion<\/p>\n<p>Le programme \u00e0 d\u00e9couvrir sur:<a href=\"http:\/\/www.lemois-ess.org\/accueil-decouverte\/p2.html\">http:\/\/www.lemois-ess.org\/accueil-decouverte\/p2.html<\/a><\/p>\n<p><a href=\"http:\/\/www.tacoandco.fr\/wp-content\/uploads\/2018\/11\/ESS-2018-Copier.jpg\"><img fetchpriority=\"high\" decoding=\"async\" class=\"aligncenter size-full wp-image-4311\" src=\"http:\/\/www.tacoandco.fr\/wp-content\/uploads\/2018\/11\/ESS-2018-Copier.jpg\" alt=\"\" width=\"431\" height=\"768\" srcset=\"https:\/\/www.tacoandco.fr\/wp-content\/uploads\/2018\/11\/ESS-2018-Copier.jpg 431w, https:\/\/www.tacoandco.fr\/wp-content\/uploads\/2018\/11\/ESS-2018-Copier-168x300.jpg 168w\" sizes=\"(max-width: 431px) 100vw, 431px\" \/><\/a><\/p>","protected":false},"excerpt":{"rendered":"<p>Novembre c&rsquo;est le mois de l&rsquo;\u00e9conomie sociale et solidaire. L&rsquo;ACCM du pays d&rsquo;Arles vous invite \u00e0 participer dans le cadre du mois de l&rsquo;\u00e9conomie sociale et solidaire aux rencontres de l&rsquo;\u00e9conomie circulaire \u00e0 la Fondation Luma le 20 Novembre 2018 D\u00e9couvrez \u00e9galement toutes les animations, rencontres, conf\u00e9rences autour de l&rsquo;\u00e9conomie sociale et solidaire dans le [&hellip;]<\/p>","protected":false},"author":2,"featured_media":4311,"comment_status":"closed","ping_status":"closed","sticky":false,"template":"","format":"standard","meta":{"footnotes":""},"categories":[4,3],"tags":[],"class_list":["post-4310","post","type-post","status-publish","format-standard","has-post-thumbnail","hentry","category-accueil","category-actualites","entry","has-media"],"aioseo_notices":[],"_links":{"self":[{"href":"https:\/\/www.tacoandco.fr\/en\/wp-json\/wp\/v2\/posts\/4310","targetHints":{"allow":["GET"]}}],"collection":[{"href":"https:\/\/www.tacoandco.fr\/en\/wp-json\/wp\/v2\/posts"}],"about":[{"href":"https:\/\/www.tacoandco.fr\/en\/wp-json\/wp\/v2\/types\/post"}],"author":[{"embeddable":true,"href":"https:\/\/www.tacoandco.fr\/en\/wp-json\/wp\/v2\/users\/2"}],"replies":[{"embeddable":true,"href":"https:\/\/www.tacoandco.fr\/en\/wp-json\/wp\/v2\/comments?post=4310"}],"version-history":[{"count":2,"href":"https:\/\/www.tacoandco.fr\/en\/wp-json\/wp\/v2\/posts\/4310\/revisions"}],"predecessor-version":[{"id":4649,"href":"https:\/\/www.tacoandco.fr\/en\/wp-json\/wp\/v2\/posts\/4310\/revisions\/4649"}],"wp:featuredmedia":[{"embeddable":true,"href":"https:\/\/www.tacoandco.fr\/en\/wp-json\/wp\/v2\/media\/4311"}],"wp:attachment":[{"href":"https:\/\/www.tacoandco.fr\/en\/wp-json\/wp\/v2\/media?parent=4310"}],"wp:term":[{"taxonomy":"category","embeddable":true,"href":"https:\/\/www.tacoandco.fr\/en\/wp-json\/wp\/v2\/categories?post=4310"},{"taxonomy":"post_tag","embeddable":true,"href":"https:\/\/www.tacoandco.fr\/en\/wp-json\/wp\/v2\/tags?post=4310"}],"curies":[{"name":"wp","href":"https:\/\/api.w.org\/{rel}","templated":true}]}}