{"id":4377,"date":"2019-03-04T14:36:19","date_gmt":"2019-03-04T13:36:19","guid":{"rendered":"http:\/\/www.tacoandco.fr\/?p=4377"},"modified":"2019-03-04T14:36:19","modified_gmt":"2019-03-04T13:36:19","slug":"arles-campus-vendredi-8-mars-2019-de-13h-a-19h-au-palais-des-congres-darles","status":"publish","type":"post","link":"https:\/\/www.tacoandco.fr\/en\/blog\/2019\/03\/04\/arles-campus-vendredi-8-mars-2019-de-13h-a-19h-au-palais-des-congres-darles\/","title":{"rendered":"Arles Campus vendredi 8 Mars 2019 de 13h \u00e0 19h au Palais des congr\u00e8s d&rsquo;Arles"},"content":{"rendered":"<p>Le salon Arles Campus aura lieu le vendredi 8 mars de 13h \u00e0 19h au Palais des congr\u00e8s.<\/p>\n<p>Pour cette 11\u00e8me \u00e9dition de Arles Campus, le salon des formations et des \u00e9tudes sup\u00e9rieures vous propose plus de 30 stands qui pr\u00e9sentent les formations sup\u00e9rieurs,les associations \u00e9tudiantes,un point d&rsquo;\u00e9change avec les professeurs\u2026..vous y trouverez toutes les informations utiles pour d\u00e9cider de votre avenir scolaire.<\/p>\n<p>Toutes les informations sur Arles Campus:<a href=\"http:\/\/www.ville-arles.fr\/education\/enseignement-superieur\/arles-campus-enseignement-superieur-education\/arles-campus.php\">http:\/\/www.ville-arles.fr\/education\/enseignement-superieur\/arles-campus-enseignement-superieur-education\/arles-campus.php<\/a><\/p>\n<p><a href=\"http:\/\/www.tacoandco.fr\/wp-content\/uploads\/2019\/03\/Arles-campus.jpg\"><img fetchpriority=\"high\" decoding=\"async\" class=\"aligncenter size-large wp-image-4378\" src=\"http:\/\/www.tacoandco.fr\/wp-content\/uploads\/2019\/03\/Arles-campus-768x1024.jpg\" alt=\"\" width=\"768\" height=\"1024\" srcset=\"https:\/\/www.tacoandco.fr\/wp-content\/uploads\/2019\/03\/Arles-campus-768x1024.jpg 768w, https:\/\/www.tacoandco.fr\/wp-content\/uploads\/2019\/03\/Arles-campus-225x300.jpg 225w, https:\/\/www.tacoandco.fr\/wp-content\/uploads\/2019\/03\/Arles-campus.jpg 1200w\" sizes=\"(max-width: 768px) 100vw, 768px\" \/><\/a><\/p>","protected":false},"excerpt":{"rendered":"<p>Le salon Arles Campus aura lieu le vendredi 8 mars de 13h \u00e0 19h au Palais des congr\u00e8s. Pour cette 11\u00e8me \u00e9dition de Arles Campus, le salon des formations et des \u00e9tudes sup\u00e9rieures vous propose plus de 30 stands qui pr\u00e9sentent les formations sup\u00e9rieurs,les associations \u00e9tudiantes,un point d&rsquo;\u00e9change avec les professeurs\u2026..vous y trouverez toutes les [&hellip;]<\/p>","protected":false},"author":2,"featured_media":4378,"comment_status":"closed","ping_status":"closed","sticky":false,"template":"","format":"standard","meta":{"footnotes":""},"categories":[4,3],"tags":[],"class_list":["post-4377","post","type-post","status-publish","format-standard","has-post-thumbnail","hentry","category-accueil","category-actualites","entry","has-media"],"aioseo_notices":[],"_links":{"self":[{"href":"https:\/\/www.tacoandco.fr\/en\/wp-json\/wp\/v2\/posts\/4377","targetHints":{"allow":["GET"]}}],"collection":[{"href":"https:\/\/www.tacoandco.fr\/en\/wp-json\/wp\/v2\/posts"}],"about":[{"href":"https:\/\/www.tacoandco.fr\/en\/wp-json\/wp\/v2\/types\/post"}],"author":[{"embeddable":true,"href":"https:\/\/www.tacoandco.fr\/en\/wp-json\/wp\/v2\/users\/2"}],"replies":[{"embeddable":true,"href":"https:\/\/www.tacoandco.fr\/en\/wp-json\/wp\/v2\/comments?post=4377"}],"version-history":[{"count":1,"href":"https:\/\/www.tacoandco.fr\/en\/wp-json\/wp\/v2\/posts\/4377\/revisions"}],"predecessor-version":[{"id":4379,"href":"https:\/\/www.tacoandco.fr\/en\/wp-json\/wp\/v2\/posts\/4377\/revisions\/4379"}],"wp:featuredmedia":[{"embeddable":true,"href":"https:\/\/www.tacoandco.fr\/en\/wp-json\/wp\/v2\/media\/4378"}],"wp:attachment":[{"href":"https:\/\/www.tacoandco.fr\/en\/wp-json\/wp\/v2\/media?parent=4377"}],"wp:term":[{"taxonomy":"category","embeddable":true,"href":"https:\/\/www.tacoandco.fr\/en\/wp-json\/wp\/v2\/categories?post=4377"},{"taxonomy":"post_tag","embeddable":true,"href":"https:\/\/www.tacoandco.fr\/en\/wp-json\/wp\/v2\/tags?post=4377"}],"curies":[{"name":"wp","href":"https:\/\/api.w.org\/{rel}","templated":true}]}}