{"id":4446,"date":"2019-04-24T11:58:25","date_gmt":"2019-04-24T09:58:25","guid":{"rendered":"http:\/\/www.tacoandco.fr\/?p=4446"},"modified":"2019-04-24T11:58:26","modified_gmt":"2019-04-24T09:58:26","slug":"exposition-a-la-fondation-luma-du-02-au-26-mai-2019","status":"publish","type":"post","link":"https:\/\/www.tacoandco.fr\/en\/blog\/2019\/04\/24\/exposition-a-la-fondation-luma-du-02-au-26-mai-2019\/","title":{"rendered":"Exposition \u00e0 la Fondation Luma du 02 au 26 Mai 2019"},"content":{"rendered":"<p><strong>EXPOSITION<em><br>La Fondation Luma vous pr\u00e9sente sa nouvelle exposition du 02 au 26 Mai 2019: \u00a0\u00bb A School of Schools, apprendre par le design \u00ab\u00a0<\/em><\/strong><\/p>\n\n\n\n<p>\u00c0 l\u2019occasion de la 3<sup>e<\/sup>\n\u00e9dition des Luma Days, l\u2019exposition <em>A\nSchool of Schools : apprendre par le design <\/em>est pr\u00e9sent\u00e9e en tant que\nprogramme invit\u00e9 au Parc des Ateliers. Cr\u00e9\u00e9e en 2018 pour la 4<sup>e<\/sup>\nBiennale de design d\u2019Istanbul, l\u2019exposition est organis\u00e9e sous le commissariat de Jan\nBoelen&nbsp;\u00ad\u00ad\u2013&nbsp;directeur artistique et co-fondateur du programme de\nrecherche Atelier Luma \u2013 avec Nadine Botha et Vera Sacchetti. Rassemblant le\ntravail de plus de 90 participants internationaux issus de disciplines vari\u00e9es,\n<em>A School of Schools : apprendre par le design<\/em> est\ncon\u00e7ue comme un\nlaboratoire \u00e9ph\u00e9m\u00e8re et un poste d\u2019observation pour l\u2019horizon 2030. <\/p>\n\n\n\n<p>Une exposition peut-elle questionner\net red\u00e9finir des mod\u00e8les \u00e9ducatifs qui ont fait leurs preuves \u2013 du mus\u00e9e\nencyclop\u00e9dique au laboratoire en passant par l\u2019atelier et l\u2019\u00e9cole \u2013 cr\u00e9ant\nainsi le cadre d\u2019un dialogue et d\u2019un design porteurs de sens&nbsp;? Une\ninstitution culturelle peut-elle devenir un lieu audacieux o\u00f9 chacun peut exprimer\net partager ses connaissances, son ignorance, son exp\u00e9rience et sa\ncuriosit\u00e9&nbsp;?<\/p>\n\n\n\n<p>\u00c0 travers six th\u00e8mes \u2013 <em>D\u00e9faire l\u2019\u00e9cole, \u00c9cole des courants, \u00c9cole\nde la Terre, \u00c9cole des \u00e9chelles, \u00c9cole du temps<\/em> et <em>\u00c9cole de la digestion<\/em> \u2013 l\u2019exposition explore la sph\u00e8re \u00e9ducative\ncomme un lieu propice \u00e0 l\u2019\u00e9mancipation, \u00e0 la r\u00e9flexion, au partage et \u00e0 l\u2019engagement,\nen apportant des r\u00e9ponses conceptuelles aux pr\u00e9occupations globales contemporaines.\n<\/p>\n\n\n\n<p><a href=\"http:\/\/www.luma-arles.org\">www.luma-arles.org<\/a><\/p>\n\n\n\n<figure class=\"wp-block-image\"><img fetchpriority=\"high\" decoding=\"async\" width=\"576\" height=\"768\" src=\"http:\/\/www.tacoandco.fr\/wp-content\/uploads\/2019\/04\/Luma-school-of-schools-3-v\u00e9los-Copier.jpg\" alt=\"\" class=\"wp-image-4447\" srcset=\"https:\/\/www.tacoandco.fr\/wp-content\/uploads\/2019\/04\/Luma-school-of-schools-3-v\u00e9los-Copier.jpg 576w, https:\/\/www.tacoandco.fr\/wp-content\/uploads\/2019\/04\/Luma-school-of-schools-3-v\u00e9los-Copier-225x300.jpg 225w\" sizes=\"(max-width: 576px) 100vw, 576px\" \/><\/figure>","protected":false},"excerpt":{"rendered":"<p>EXPOSITIONLa Fondation Luma vous pr\u00e9sente sa nouvelle exposition du 02 au 26 Mai 2019: \u00a0\u00bb A School of Schools, apprendre par le design \u00ab\u00a0 \u00c0 l\u2019occasion de la 3e \u00e9dition des Luma Days, l\u2019exposition A School of Schools : apprendre par le design est pr\u00e9sent\u00e9e en tant que programme invit\u00e9 au Parc des Ateliers. Cr\u00e9\u00e9e [&hellip;]<\/p>","protected":false},"author":2,"featured_media":4448,"comment_status":"closed","ping_status":"closed","sticky":false,"template":"","format":"standard","meta":{"footnotes":""},"categories":[4,3],"tags":[],"class_list":["post-4446","post","type-post","status-publish","format-standard","has-post-thumbnail","hentry","category-accueil","category-actualites","entry","has-media"],"aioseo_notices":[],"_links":{"self":[{"href":"https:\/\/www.tacoandco.fr\/en\/wp-json\/wp\/v2\/posts\/4446","targetHints":{"allow":["GET"]}}],"collection":[{"href":"https:\/\/www.tacoandco.fr\/en\/wp-json\/wp\/v2\/posts"}],"about":[{"href":"https:\/\/www.tacoandco.fr\/en\/wp-json\/wp\/v2\/types\/post"}],"author":[{"embeddable":true,"href":"https:\/\/www.tacoandco.fr\/en\/wp-json\/wp\/v2\/users\/2"}],"replies":[{"embeddable":true,"href":"https:\/\/www.tacoandco.fr\/en\/wp-json\/wp\/v2\/comments?post=4446"}],"version-history":[{"count":1,"href":"https:\/\/www.tacoandco.fr\/en\/wp-json\/wp\/v2\/posts\/4446\/revisions"}],"predecessor-version":[{"id":4449,"href":"https:\/\/www.tacoandco.fr\/en\/wp-json\/wp\/v2\/posts\/4446\/revisions\/4449"}],"wp:featuredmedia":[{"embeddable":true,"href":"https:\/\/www.tacoandco.fr\/en\/wp-json\/wp\/v2\/media\/4448"}],"wp:attachment":[{"href":"https:\/\/www.tacoandco.fr\/en\/wp-json\/wp\/v2\/media?parent=4446"}],"wp:term":[{"taxonomy":"category","embeddable":true,"href":"https:\/\/www.tacoandco.fr\/en\/wp-json\/wp\/v2\/categories?post=4446"},{"taxonomy":"post_tag","embeddable":true,"href":"https:\/\/www.tacoandco.fr\/en\/wp-json\/wp\/v2\/tags?post=4446"}],"curies":[{"name":"wp","href":"https:\/\/api.w.org\/{rel}","templated":true}]}}