{"id":4457,"date":"2019-05-08T22:19:06","date_gmt":"2019-05-08T20:19:06","guid":{"rendered":"http:\/\/www.tacoandco.fr\/?p=4457"},"modified":"2019-05-08T22:19:06","modified_gmt":"2019-05-08T20:19:06","slug":"jazz-in-arles-du-09-au-18-mai-2019-propose-par-lassociation-du-mejan","status":"publish","type":"post","link":"https:\/\/www.tacoandco.fr\/en\/blog\/2019\/05\/08\/jazz-in-arles-du-09-au-18-mai-2019-propose-par-lassociation-du-mejan\/","title":{"rendered":"Jazz in Arles du 09 au 18 Mai 2019 propos\u00e9 par l&rsquo;association du M\u00e9jan."},"content":{"rendered":"<p>L&rsquo;association du M\u00e9jan vous invite \u00e0 la 24\u00e8me \u00e9dition du festival Jazz in Arles qui se d\u00e9roulera du 09 au 18 Mai 2019.<\/p>\n\n\n\n<p>Tous les concerts du festival Jazz in Arles auront lieu dans la chapelle du M\u00e9jan \u00e0 Arles avec une programmation ouverte et \u00e9clectique.<\/p>\n\n\n\n<p>Vous trouverez toutes les infos utiles et la programmation ici:  <br><a href=\"http:\/\/www.lemejan.com\/24e-jazz-in-arles-e-1435.htm\">http:\/\/www.lemejan.com\/24e-jazz-in-arles-e-1435.htm<\/a> <\/p>\n\n\n\n<p>Venez nombreux!!!<\/p>\n\n\n\n<figure class=\"wp-block-image\"><img fetchpriority=\"high\" decoding=\"async\" width=\"432\" height=\"768\" src=\"http:\/\/www.tacoandco.fr\/wp-content\/uploads\/2019\/05\/Jazz-in-Arles-Copier.jpg\" alt=\"\" class=\"wp-image-4458\" srcset=\"https:\/\/www.tacoandco.fr\/wp-content\/uploads\/2019\/05\/Jazz-in-Arles-Copier.jpg 432w, https:\/\/www.tacoandco.fr\/wp-content\/uploads\/2019\/05\/Jazz-in-Arles-Copier-169x300.jpg 169w\" sizes=\"(max-width: 432px) 100vw, 432px\" \/><\/figure>","protected":false},"excerpt":{"rendered":"<p>L&rsquo;association du M\u00e9jan vous invite \u00e0 la 24\u00e8me \u00e9dition du festival Jazz in Arles qui se d\u00e9roulera du 09 au 18 Mai 2019. Tous les concerts du festival Jazz in Arles auront lieu dans la chapelle du M\u00e9jan \u00e0 Arles avec une programmation ouverte et \u00e9clectique. Vous trouverez toutes les infos utiles et la programmation [&hellip;]<\/p>","protected":false},"author":2,"featured_media":4458,"comment_status":"closed","ping_status":"closed","sticky":false,"template":"","format":"standard","meta":{"footnotes":""},"categories":[4,3],"tags":[],"class_list":["post-4457","post","type-post","status-publish","format-standard","has-post-thumbnail","hentry","category-accueil","category-actualites","entry","has-media"],"aioseo_notices":[],"_links":{"self":[{"href":"https:\/\/www.tacoandco.fr\/en\/wp-json\/wp\/v2\/posts\/4457","targetHints":{"allow":["GET"]}}],"collection":[{"href":"https:\/\/www.tacoandco.fr\/en\/wp-json\/wp\/v2\/posts"}],"about":[{"href":"https:\/\/www.tacoandco.fr\/en\/wp-json\/wp\/v2\/types\/post"}],"author":[{"embeddable":true,"href":"https:\/\/www.tacoandco.fr\/en\/wp-json\/wp\/v2\/users\/2"}],"replies":[{"embeddable":true,"href":"https:\/\/www.tacoandco.fr\/en\/wp-json\/wp\/v2\/comments?post=4457"}],"version-history":[{"count":1,"href":"https:\/\/www.tacoandco.fr\/en\/wp-json\/wp\/v2\/posts\/4457\/revisions"}],"predecessor-version":[{"id":4459,"href":"https:\/\/www.tacoandco.fr\/en\/wp-json\/wp\/v2\/posts\/4457\/revisions\/4459"}],"wp:featuredmedia":[{"embeddable":true,"href":"https:\/\/www.tacoandco.fr\/en\/wp-json\/wp\/v2\/media\/4458"}],"wp:attachment":[{"href":"https:\/\/www.tacoandco.fr\/en\/wp-json\/wp\/v2\/media?parent=4457"}],"wp:term":[{"taxonomy":"category","embeddable":true,"href":"https:\/\/www.tacoandco.fr\/en\/wp-json\/wp\/v2\/categories?post=4457"},{"taxonomy":"post_tag","embeddable":true,"href":"https:\/\/www.tacoandco.fr\/en\/wp-json\/wp\/v2\/tags?post=4457"}],"curies":[{"name":"wp","href":"https:\/\/api.w.org\/{rel}","templated":true}]}}