{"id":4461,"date":"2019-05-15T14:40:40","date_gmt":"2019-05-15T12:40:40","guid":{"rendered":"http:\/\/www.tacoandco.fr\/?p=4461"},"modified":"2019-05-15T14:40:41","modified_gmt":"2019-05-15T12:40:41","slug":"luma-days-du-22-au-25-mai-2019-au-parc-des-ateliers-a-arles","status":"publish","type":"post","link":"https:\/\/www.tacoandco.fr\/en\/blog\/2019\/05\/15\/luma-days-du-22-au-25-mai-2019-au-parc-des-ateliers-a-arles\/","title":{"rendered":"Luma Days du 22 au 25 Mai 2019 au Parc des Ateliers \u00e0 Arles"},"content":{"rendered":"<p>Les luma days auront lieu du 22 au 25 Mai 2019 au Parc des ateliers de la fondation Luma \u00e0 Arles.<\/p>\n\n\n\n<p>Pour cette 3\u00e8me \u00e9dition, les Luma Days, forum annuel d\u2019art et d\u2019id\u00e9es, donnent au mois de mai le coup d\u2019envoi du programme estival de Luma . Les journ\u00e9es des Luma days sont rythm\u00e9es par des conf\u00e9rences, des expositions, des ateliers r\u00e9serv\u00e9s aux professionnels, des performances, des rencontres\u2026 <\/p>\n\n\n\n<p>La th\u00e9matique explor\u00e9e pour cette nouvelle \u00e9dition se r\u00e9f\u00e8re \u00e0 l\u2019un des enjeux majeurs de nos soci\u00e9t\u00e9s : ENSEMBLE, une d\u00e9claration d\u2019interd\u00e9pendance\u2026 <\/p>\n\n\n\n<p>Vous trouverez toutes les informations utiles sur:  <br><a href=\"https:\/\/lumadays.org\/\">https:\/\/lumadays.org\/<\/a> <\/p>\n\n\n\n<figure class=\"wp-block-image\"><img fetchpriority=\"high\" decoding=\"async\" width=\"768\" height=\"1024\" src=\"http:\/\/www.tacoandco.fr\/wp-content\/uploads\/2019\/05\/Luma-days-2019-768x1024.jpg\" alt=\"\" class=\"wp-image-4462\" srcset=\"https:\/\/www.tacoandco.fr\/wp-content\/uploads\/2019\/05\/Luma-days-2019-768x1024.jpg 768w, https:\/\/www.tacoandco.fr\/wp-content\/uploads\/2019\/05\/Luma-days-2019-225x300.jpg 225w, https:\/\/www.tacoandco.fr\/wp-content\/uploads\/2019\/05\/Luma-days-2019.jpg 1200w\" sizes=\"(max-width: 768px) 100vw, 768px\" \/><figcaption>Luma days du 22 au 25 Mai 2019 \u00e0 Arles<br><br><br><\/figcaption><\/figure>","protected":false},"excerpt":{"rendered":"<p>Les luma days auront lieu du 22 au 25 Mai 2019 au Parc des ateliers de la fondation Luma \u00e0 Arles. Pour cette 3\u00e8me \u00e9dition, les Luma Days, forum annuel d\u2019art et d\u2019id\u00e9es, donnent au mois de mai le coup d\u2019envoi du programme estival de Luma . Les journ\u00e9es des Luma days sont rythm\u00e9es par [&hellip;]<\/p>","protected":false},"author":2,"featured_media":4463,"comment_status":"closed","ping_status":"closed","sticky":false,"template":"","format":"standard","meta":{"footnotes":""},"categories":[4,3],"tags":[],"class_list":["post-4461","post","type-post","status-publish","format-standard","has-post-thumbnail","hentry","category-accueil","category-actualites","entry","has-media"],"aioseo_notices":[],"_links":{"self":[{"href":"https:\/\/www.tacoandco.fr\/en\/wp-json\/wp\/v2\/posts\/4461","targetHints":{"allow":["GET"]}}],"collection":[{"href":"https:\/\/www.tacoandco.fr\/en\/wp-json\/wp\/v2\/posts"}],"about":[{"href":"https:\/\/www.tacoandco.fr\/en\/wp-json\/wp\/v2\/types\/post"}],"author":[{"embeddable":true,"href":"https:\/\/www.tacoandco.fr\/en\/wp-json\/wp\/v2\/users\/2"}],"replies":[{"embeddable":true,"href":"https:\/\/www.tacoandco.fr\/en\/wp-json\/wp\/v2\/comments?post=4461"}],"version-history":[{"count":1,"href":"https:\/\/www.tacoandco.fr\/en\/wp-json\/wp\/v2\/posts\/4461\/revisions"}],"predecessor-version":[{"id":4464,"href":"https:\/\/www.tacoandco.fr\/en\/wp-json\/wp\/v2\/posts\/4461\/revisions\/4464"}],"wp:featuredmedia":[{"embeddable":true,"href":"https:\/\/www.tacoandco.fr\/en\/wp-json\/wp\/v2\/media\/4463"}],"wp:attachment":[{"href":"https:\/\/www.tacoandco.fr\/en\/wp-json\/wp\/v2\/media?parent=4461"}],"wp:term":[{"taxonomy":"category","embeddable":true,"href":"https:\/\/www.tacoandco.fr\/en\/wp-json\/wp\/v2\/categories?post=4461"},{"taxonomy":"post_tag","embeddable":true,"href":"https:\/\/www.tacoandco.fr\/en\/wp-json\/wp\/v2\/tags?post=4461"}],"curies":[{"name":"wp","href":"https:\/\/api.w.org\/{rel}","templated":true}]}}