{"id":4481,"date":"2019-06-04T08:09:59","date_gmt":"2019-06-04T06:09:59","guid":{"rendered":"http:\/\/www.tacoandco.fr\/?p=4481"},"modified":"2019-06-04T08:10:00","modified_gmt":"2019-06-04T06:10:00","slug":"roberto-badin-expose-ses-photos-chez-cyrille-putman-du-14-juin-au-30-aout-2019","status":"publish","type":"post","link":"https:\/\/www.tacoandco.fr\/en\/blog\/2019\/06\/04\/roberto-badin-expose-ses-photos-chez-cyrille-putman-du-14-juin-au-30-aout-2019\/","title":{"rendered":"Roberto Badin expose ses photos chez Cyrille Putman du 14 juin  au 30 ao\u00fbt 2019"},"content":{"rendered":"<p> Roberto Badin avec \u00ab\u00a0Inside Japan\u00a0\u00bbnous fais d\u00e9couvrir ses photos \u00e0 la galerie Cyrille Putman du 14 juin au 30 Ao\u00fbt 2019.<\/p>\n\n\n\n<p>L&rsquo;inauguration de cette exposition intitul\u00e9e \u00ab\u00a0Inside Japan\u00a0\u00bb aura lieu le 14 juin \u00e0 18h30 au 60 rue du 4 septembre \u00e0 Arles en pr\u00e9sence de Roberto Badin.<\/p>\n\n\n\n<p>La signature du livre \u00ab\u00a0Inside Japan\u00a0\u00bb  <br> \u00e9ditions Benjamin Blanck aura lieu le 5 juillet \u00e0 19h.<\/p>\n\n\n\n<p> <br><a href=\"https:\/\/cyrilleputman.com\/\">https:\/\/cyrilleputman.com<\/a> <a href=\"\"><\/a><\/p>\n\n\n\n<p><a href=\"https:\/\/cyrilleputman.com\">h<\/a><\/p>\n\n\n\n<figure class=\"wp-block-image\"><img fetchpriority=\"high\" decoding=\"async\" width=\"576\" height=\"768\" src=\"http:\/\/www.tacoandco.fr\/wp-content\/uploads\/2019\/06\/Galerie-Putman-Exposition-Badin-Copier.jpg\" alt=\"\" class=\"wp-image-4482\" srcset=\"https:\/\/www.tacoandco.fr\/wp-content\/uploads\/2019\/06\/Galerie-Putman-Exposition-Badin-Copier.jpg 576w, https:\/\/www.tacoandco.fr\/wp-content\/uploads\/2019\/06\/Galerie-Putman-Exposition-Badin-Copier-225x300.jpg 225w\" sizes=\"(max-width: 576px) 100vw, 576px\" \/><\/figure>","protected":false},"excerpt":{"rendered":"<p>Roberto Badin avec \u00ab\u00a0Inside Japan\u00a0\u00bbnous fais d\u00e9couvrir ses photos \u00e0 la galerie Cyrille Putman du 14 juin au 30 Ao\u00fbt 2019. L&rsquo;inauguration de cette exposition intitul\u00e9e \u00ab\u00a0Inside Japan\u00a0\u00bb aura lieu le 14 juin \u00e0 18h30 au 60 rue du 4 septembre \u00e0 Arles en pr\u00e9sence de Roberto Badin. La signature du livre \u00ab\u00a0Inside Japan\u00a0\u00bb \u00e9ditions [&hellip;]<\/p>","protected":false},"author":2,"featured_media":4482,"comment_status":"closed","ping_status":"closed","sticky":false,"template":"","format":"standard","meta":{"footnotes":""},"categories":[4,3],"tags":[],"class_list":["post-4481","post","type-post","status-publish","format-standard","has-post-thumbnail","hentry","category-accueil","category-actualites","entry","has-media"],"aioseo_notices":[],"_links":{"self":[{"href":"https:\/\/www.tacoandco.fr\/en\/wp-json\/wp\/v2\/posts\/4481","targetHints":{"allow":["GET"]}}],"collection":[{"href":"https:\/\/www.tacoandco.fr\/en\/wp-json\/wp\/v2\/posts"}],"about":[{"href":"https:\/\/www.tacoandco.fr\/en\/wp-json\/wp\/v2\/types\/post"}],"author":[{"embeddable":true,"href":"https:\/\/www.tacoandco.fr\/en\/wp-json\/wp\/v2\/users\/2"}],"replies":[{"embeddable":true,"href":"https:\/\/www.tacoandco.fr\/en\/wp-json\/wp\/v2\/comments?post=4481"}],"version-history":[{"count":1,"href":"https:\/\/www.tacoandco.fr\/en\/wp-json\/wp\/v2\/posts\/4481\/revisions"}],"predecessor-version":[{"id":4483,"href":"https:\/\/www.tacoandco.fr\/en\/wp-json\/wp\/v2\/posts\/4481\/revisions\/4483"}],"wp:featuredmedia":[{"embeddable":true,"href":"https:\/\/www.tacoandco.fr\/en\/wp-json\/wp\/v2\/media\/4482"}],"wp:attachment":[{"href":"https:\/\/www.tacoandco.fr\/en\/wp-json\/wp\/v2\/media?parent=4481"}],"wp:term":[{"taxonomy":"category","embeddable":true,"href":"https:\/\/www.tacoandco.fr\/en\/wp-json\/wp\/v2\/categories?post=4481"},{"taxonomy":"post_tag","embeddable":true,"href":"https:\/\/www.tacoandco.fr\/en\/wp-json\/wp\/v2\/tags?post=4481"}],"curies":[{"name":"wp","href":"https:\/\/api.w.org\/{rel}","templated":true}]}}