{"id":4492,"date":"2019-06-18T11:12:04","date_gmt":"2019-06-18T09:12:04","guid":{"rendered":"http:\/\/www.tacoandco.fr\/?p=4492"},"modified":"2019-06-18T11:12:05","modified_gmt":"2019-06-18T09:12:05","slug":"niko-pirosmani-a-la-fondation-vincent-van-gogh-darles","status":"publish","type":"post","link":"https:\/\/www.tacoandco.fr\/en\/blog\/2019\/06\/18\/niko-pirosmani-a-la-fondation-vincent-van-gogh-darles\/","title":{"rendered":"Niko Pirosmani \u00e0 la Fondation Vincent Van Gogh d&rsquo;Arles"},"content":{"rendered":"<p>La Fondation Vincent Van Gogh d&rsquo;Arles vous pr\u00e9sente l&rsquo;exposition de Niko Pirosmani intitul\u00e9e \u00ab\u00a0Promeneur entre les mondes\u00a0\u00bb.Cette exposition regroupe une trentaine de tableaux de cet artiste G\u00e9orgien.<\/p>\n\n\n\n<p>La fondation Vincent Van Gogh vous propose en plus de cette exposition d&rsquo;art contemporain de red\u00e9couvrir 6 tableaux de Van Gogh datant de sa p\u00e9riode hollandaise et proven\u00e7ale.<\/p>\n\n\n\n<p>Ces expositions sont pr\u00e9sent\u00e9es \u00e0 la Fondation Vincent Van Gogh d&rsquo;Arles jusqu&rsquo;au 20 octobre 2019.<\/p>\n\n\n\n<p>All useful information\u00a0on  <br><a href=\"http:\/\/www.fondation-vincentvangogh-arles.org\/expositions\/niko-pirosmani-promeneur-entre-les-mondes\/\">http:\/\/www.fondation-vincentvangogh-arles.org\/expositions\/niko-pirosmani-promeneur-entre-les-mondes\/<\/a> <\/p>\n\n\n\n<figure class=\"wp-block-image\"><img fetchpriority=\"high\" decoding=\"async\" width=\"576\" height=\"768\" src=\"http:\/\/www.tacoandco.fr\/wp-content\/uploads\/2019\/06\/FVVG-Pirosmani-Copier.jpg\" alt=\"\" class=\"wp-image-4493\" srcset=\"https:\/\/www.tacoandco.fr\/wp-content\/uploads\/2019\/06\/FVVG-Pirosmani-Copier.jpg 576w, https:\/\/www.tacoandco.fr\/wp-content\/uploads\/2019\/06\/FVVG-Pirosmani-Copier-225x300.jpg 225w\" sizes=\"(max-width: 576px) 100vw, 576px\" \/><\/figure>","protected":false},"excerpt":{"rendered":"<p>La Fondation Vincent Van Gogh d&rsquo;Arles vous pr\u00e9sente l&rsquo;exposition de Niko Pirosmani intitul\u00e9e \u00ab\u00a0Promeneur entre les mondes\u00a0\u00bb.Cette exposition regroupe une trentaine de tableaux de cet artiste G\u00e9orgien. La fondation Vincent Van Gogh vous propose en plus de cette exposition d&rsquo;art contemporain de red\u00e9couvrir 6 tableaux de Van Gogh datant de sa p\u00e9riode hollandaise et proven\u00e7ale. [&hellip;]<\/p>","protected":false},"author":2,"featured_media":4493,"comment_status":"closed","ping_status":"closed","sticky":false,"template":"","format":"standard","meta":{"footnotes":""},"categories":[4,3],"tags":[],"class_list":["post-4492","post","type-post","status-publish","format-standard","has-post-thumbnail","hentry","category-accueil","category-actualites","entry","has-media"],"aioseo_notices":[],"_links":{"self":[{"href":"https:\/\/www.tacoandco.fr\/en\/wp-json\/wp\/v2\/posts\/4492","targetHints":{"allow":["GET"]}}],"collection":[{"href":"https:\/\/www.tacoandco.fr\/en\/wp-json\/wp\/v2\/posts"}],"about":[{"href":"https:\/\/www.tacoandco.fr\/en\/wp-json\/wp\/v2\/types\/post"}],"author":[{"embeddable":true,"href":"https:\/\/www.tacoandco.fr\/en\/wp-json\/wp\/v2\/users\/2"}],"replies":[{"embeddable":true,"href":"https:\/\/www.tacoandco.fr\/en\/wp-json\/wp\/v2\/comments?post=4492"}],"version-history":[{"count":1,"href":"https:\/\/www.tacoandco.fr\/en\/wp-json\/wp\/v2\/posts\/4492\/revisions"}],"predecessor-version":[{"id":4494,"href":"https:\/\/www.tacoandco.fr\/en\/wp-json\/wp\/v2\/posts\/4492\/revisions\/4494"}],"wp:featuredmedia":[{"embeddable":true,"href":"https:\/\/www.tacoandco.fr\/en\/wp-json\/wp\/v2\/media\/4493"}],"wp:attachment":[{"href":"https:\/\/www.tacoandco.fr\/en\/wp-json\/wp\/v2\/media?parent=4492"}],"wp:term":[{"taxonomy":"category","embeddable":true,"href":"https:\/\/www.tacoandco.fr\/en\/wp-json\/wp\/v2\/categories?post=4492"},{"taxonomy":"post_tag","embeddable":true,"href":"https:\/\/www.tacoandco.fr\/en\/wp-json\/wp\/v2\/tags?post=4492"}],"curies":[{"name":"wp","href":"https:\/\/api.w.org\/{rel}","templated":true}]}}