{"id":4571,"date":"2019-07-11T09:47:02","date_gmt":"2019-07-11T07:47:02","guid":{"rendered":"http:\/\/www.tacoandco.fr\/?p=4571"},"modified":"2019-07-11T09:47:03","modified_gmt":"2019-07-11T07:47:03","slug":"la-fondation-luma-vous-presente-sa-nouvelle-exposition-enclosure-proposee-par-rachel-rose","status":"publish","type":"post","link":"https:\/\/www.tacoandco.fr\/en\/blog\/2019\/07\/11\/la-fondation-luma-vous-presente-sa-nouvelle-exposition-enclosure-proposee-par-rachel-rose\/","title":{"rendered":"La fondation Luma vous pr\u00e9sente sa nouvelle exposition Enclosure, propos\u00e9e par Rachel Rose."},"content":{"rendered":"<p>La fondation Luma vous pr\u00e9sente sa nouvelle exposition Enclosure, propos\u00e9e par Rachel Rose.<\/p>\n\n\n\n<p><strong>L&rsquo;exposition Enclosure sera pr\u00e9sent\u00e9e du 1<sup>er<\/sup> juillet \u2013 22 septembre 2019<br> \u00e0 la Grande Halle du Parc des Ateliers  au 45 chemin des Minimes \u00e0 Arles<\/strong><\/p>\n\n\n\n<p>En co-production avec Park Avenue Armory, la Fondation Luma pr\u00e9sente <em>Enclosure<\/em>, une installation vid\u00e9o in\u00e9dite  con\u00e7ue par l\u2019artiste am\u00e9ricaine Rachel Rose (n\u00e9e en 1986).<\/p>\n\n\n\n<p>Pr\u00e9sent\u00e9e sur \u00e9cran holographique con\u00e7u sp\u00e9cialement,&nbsp;<em>Enclosure<\/em>&nbsp;conte l\u2019histoire d\u2019un d\u00e9tournement\n qui se d\u00e9roule dans le monde agraire anglais du XVII<sup>e<\/sup>&nbsp;si\u00e8cle,\n marquant le passage du syst\u00e8me f\u00e9odal au capitalisme. Les contemporains\n de cette p\u00e9riode furent priv\u00e9s de leurs droits, faisant ainsi face \u00e0 un\n futur incertain marqu\u00e9 par la peur et le vol.<\/p>\n\n\n\n<p>Plong\u00e9 dans une atmosph\u00e8re surnaturelle et une m\u00e9ditation imaginaire inspir\u00e9e de la perception de la nature  de l\u2019\u00e9poque,\u00a0<em>Enclosure<\/em>\u00a0est une installation immersive \u00e9toff\u00e9e  par une production lyrique alliant gros plans d\u2019images abstraites \u00e0 une  cin\u00e9matographie exigeante et une bande-son originale. L\u2019\u0153uvre \u00e9voque une  p\u00e9riode au c\u0153ur du travail r\u00e9cent de Rachel  Rose et qui annonce les transformations \u00e9conomiques, environnementales  et sociales radicales qui se sont amplifi\u00e9es depuis le XVIII<sup>e<\/sup>\u00a0si\u00e8cle.<\/p>\n\n\n\n<p>Toutes les infos utiles sur :  <br><a href=\"https:\/\/www.luma-arles.org\/luma\/home.html\">https:\/\/www.luma-arles.org\/luma\/home.html<\/a> <\/p>\n\n\n\n<figure class=\"wp-block-image\"><img fetchpriority=\"high\" decoding=\"async\" width=\"576\" height=\"768\" src=\"http:\/\/www.tacoandco.fr\/wp-content\/uploads\/2019\/07\/Enclosure-Luma-Copier.jpg\" alt=\"\" class=\"wp-image-4572\" srcset=\"https:\/\/www.tacoandco.fr\/wp-content\/uploads\/2019\/07\/Enclosure-Luma-Copier.jpg 576w, https:\/\/www.tacoandco.fr\/wp-content\/uploads\/2019\/07\/Enclosure-Luma-Copier-225x300.jpg 225w\" sizes=\"(max-width: 576px) 100vw, 576px\" \/><figcaption>Enclosure, Rachel Rose, \u00e0 Luma<\/figcaption><\/figure>","protected":false},"excerpt":{"rendered":"<p>La fondation Luma vous pr\u00e9sente sa nouvelle exposition Enclosure, propos\u00e9e par Rachel Rose. L&rsquo;exposition Enclosure sera pr\u00e9sent\u00e9e du 1er juillet \u2013 22 septembre 2019 \u00e0 la Grande Halle du Parc des Ateliers au 45 chemin des Minimes \u00e0 Arles En co-production avec Park Avenue Armory, la Fondation Luma pr\u00e9sente Enclosure, une installation vid\u00e9o in\u00e9dite con\u00e7ue [&hellip;]<\/p>","protected":false},"author":2,"featured_media":4573,"comment_status":"closed","ping_status":"closed","sticky":false,"template":"","format":"standard","meta":{"footnotes":""},"categories":[4,3],"tags":[],"class_list":["post-4571","post","type-post","status-publish","format-standard","has-post-thumbnail","hentry","category-accueil","category-actualites","entry","has-media"],"aioseo_notices":[],"_links":{"self":[{"href":"https:\/\/www.tacoandco.fr\/en\/wp-json\/wp\/v2\/posts\/4571","targetHints":{"allow":["GET"]}}],"collection":[{"href":"https:\/\/www.tacoandco.fr\/en\/wp-json\/wp\/v2\/posts"}],"about":[{"href":"https:\/\/www.tacoandco.fr\/en\/wp-json\/wp\/v2\/types\/post"}],"author":[{"embeddable":true,"href":"https:\/\/www.tacoandco.fr\/en\/wp-json\/wp\/v2\/users\/2"}],"replies":[{"embeddable":true,"href":"https:\/\/www.tacoandco.fr\/en\/wp-json\/wp\/v2\/comments?post=4571"}],"version-history":[{"count":1,"href":"https:\/\/www.tacoandco.fr\/en\/wp-json\/wp\/v2\/posts\/4571\/revisions"}],"predecessor-version":[{"id":4574,"href":"https:\/\/www.tacoandco.fr\/en\/wp-json\/wp\/v2\/posts\/4571\/revisions\/4574"}],"wp:featuredmedia":[{"embeddable":true,"href":"https:\/\/www.tacoandco.fr\/en\/wp-json\/wp\/v2\/media\/4573"}],"wp:attachment":[{"href":"https:\/\/www.tacoandco.fr\/en\/wp-json\/wp\/v2\/media?parent=4571"}],"wp:term":[{"taxonomy":"category","embeddable":true,"href":"https:\/\/www.tacoandco.fr\/en\/wp-json\/wp\/v2\/categories?post=4571"},{"taxonomy":"post_tag","embeddable":true,"href":"https:\/\/www.tacoandco.fr\/en\/wp-json\/wp\/v2\/tags?post=4571"}],"curies":[{"name":"wp","href":"https:\/\/api.w.org\/{rel}","templated":true}]}}