{"id":4584,"date":"2019-09-16T09:37:54","date_gmt":"2019-09-16T07:37:54","guid":{"rendered":"http:\/\/www.tacoandco.fr\/?p=4584"},"modified":"2019-09-16T09:37:55","modified_gmt":"2019-09-16T07:37:55","slug":"lete-indiens-19-au-22-septembre-2019-a-arles","status":"publish","type":"post","link":"https:\/\/www.tacoandco.fr\/en\/blog\/2019\/09\/16\/lete-indiens-19-au-22-septembre-2019-a-arles\/","title":{"rendered":"L&rsquo;\u00e9t\u00e9 indien(s), 19 au 22 septembre 2019 \u00e0 Arles"},"content":{"rendered":"<p>L&rsquo;\u00e9t\u00e9 indien aura lieu du 19 au 22 septembre 2019 \u00e0 Arles.<\/p>\n\n\n\n<p>Pour cette deuxi\u00e8me \u00e9dition de l&rsquo;\u00e9t\u00e9 indien , nous vous invitons  \u00e0 venir d\u00e9ambuler dans les rues arl\u00e9siennes pour c\u00e9l\u00e9brer un programme dense en ce d\u00e9but d\u2019automne prometteur !<br>\u00c0 la fois festival, forum, rencontres et march\u00e9 de l\u2019image et de la cr\u00e9ation, \u00e0 l\u2019intention des collectionneurs, des passionn\u00e9s et des curieux, \u00c9t\u00e9 indien(s) vous invite \u00e0 cette nouvelle exp\u00e9rience de c\u0153ur de ville avec des galeries, concerts, artistes, designers, boutiques, caf\u00e9s, restaurants et h\u00f4tels.<\/p>\n\n\n\n<p>Au programme de cette deuxi\u00e8me \u00e9dition d\u2019\u00ab\u00c9t\u00e9 indien(s)\u00bb\u00a0<strong>plus de 200 \u00e9v\u00e8nements<\/strong> : performance, food, ventes aux ench\u00e8res, f\u00eates, vernissages, rencontres\u2026 <\/p>\n\n\n\n<p>Toutes les informations: <br><a href=\"https:\/\/eteindiens.com\/\">https:\/\/eteindiens.com\/<\/a> <\/p>\n\n\n\n<figure class=\"wp-block-image\"><img fetchpriority=\"high\" decoding=\"async\" width=\"580\" height=\"580\" src=\"http:\/\/www.tacoandco.fr\/wp-content\/uploads\/2019\/09\/IMG_20190913_1301161.jpg\" alt=\"\" class=\"wp-image-4585\" srcset=\"https:\/\/www.tacoandco.fr\/wp-content\/uploads\/2019\/09\/IMG_20190913_1301161.jpg 580w, https:\/\/www.tacoandco.fr\/wp-content\/uploads\/2019\/09\/IMG_20190913_1301161-150x150.jpg 150w, https:\/\/www.tacoandco.fr\/wp-content\/uploads\/2019\/09\/IMG_20190913_1301161-300x300.jpg 300w\" sizes=\"(max-width: 580px) 100vw, 580px\" \/><\/figure>","protected":false},"excerpt":{"rendered":"<p>L&rsquo;\u00e9t\u00e9 indien aura lieu du 19 au 22 septembre 2019 \u00e0 Arles. Pour cette deuxi\u00e8me \u00e9dition de l&rsquo;\u00e9t\u00e9 indien , nous vous invitons \u00e0 venir d\u00e9ambuler dans les rues arl\u00e9siennes pour c\u00e9l\u00e9brer un programme dense en ce d\u00e9but d\u2019automne prometteur !\u00c0 la fois festival, forum, rencontres et march\u00e9 de l\u2019image et de la cr\u00e9ation, \u00e0 [&hellip;]<\/p>","protected":false},"author":2,"featured_media":4585,"comment_status":"closed","ping_status":"closed","sticky":false,"template":"","format":"standard","meta":{"footnotes":""},"categories":[4,3],"tags":[],"class_list":["post-4584","post","type-post","status-publish","format-standard","has-post-thumbnail","hentry","category-accueil","category-actualites","entry","has-media"],"aioseo_notices":[],"_links":{"self":[{"href":"https:\/\/www.tacoandco.fr\/en\/wp-json\/wp\/v2\/posts\/4584","targetHints":{"allow":["GET"]}}],"collection":[{"href":"https:\/\/www.tacoandco.fr\/en\/wp-json\/wp\/v2\/posts"}],"about":[{"href":"https:\/\/www.tacoandco.fr\/en\/wp-json\/wp\/v2\/types\/post"}],"author":[{"embeddable":true,"href":"https:\/\/www.tacoandco.fr\/en\/wp-json\/wp\/v2\/users\/2"}],"replies":[{"embeddable":true,"href":"https:\/\/www.tacoandco.fr\/en\/wp-json\/wp\/v2\/comments?post=4584"}],"version-history":[{"count":1,"href":"https:\/\/www.tacoandco.fr\/en\/wp-json\/wp\/v2\/posts\/4584\/revisions"}],"predecessor-version":[{"id":4586,"href":"https:\/\/www.tacoandco.fr\/en\/wp-json\/wp\/v2\/posts\/4584\/revisions\/4586"}],"wp:featuredmedia":[{"embeddable":true,"href":"https:\/\/www.tacoandco.fr\/en\/wp-json\/wp\/v2\/media\/4585"}],"wp:attachment":[{"href":"https:\/\/www.tacoandco.fr\/en\/wp-json\/wp\/v2\/media?parent=4584"}],"wp:term":[{"taxonomy":"category","embeddable":true,"href":"https:\/\/www.tacoandco.fr\/en\/wp-json\/wp\/v2\/categories?post=4584"},{"taxonomy":"post_tag","embeddable":true,"href":"https:\/\/www.tacoandco.fr\/en\/wp-json\/wp\/v2\/tags?post=4584"}],"curies":[{"name":"wp","href":"https:\/\/api.w.org\/{rel}","templated":true}]}}