{"id":4588,"date":"2019-09-17T12:38:53","date_gmt":"2019-09-17T10:38:53","guid":{"rendered":"http:\/\/www.tacoandco.fr\/?p=4588"},"modified":"2019-09-17T12:38:53","modified_gmt":"2019-09-17T10:38:53","slug":"journee-de-la-mobilite-2019-a-arles-tous-les-services-de-taco-and-co-seront-gratuits","status":"publish","type":"post","link":"https:\/\/www.tacoandco.fr\/en\/blog\/2019\/09\/17\/journee-de-la-mobilite-2019-a-arles-tous-les-services-de-taco-and-co-seront-gratuits\/","title":{"rendered":"Journ\u00e9e de la mobilit\u00e9 2019 \u00e0 Arles: Tous les services de Taco and Co seront gratuits"},"content":{"rendered":"<p>Pour la journ\u00e9e de la mobilit\u00e9 2019 qui aura lieu le samedi 21 septembre \u00e0 Arles, l&rsquo;ACCM vous propose de d\u00e9couvrir tous les services de Taco and Co gratuitement.<\/p>\n\n\n\n<p>Profitez de la journ\u00e9e de la mobilit\u00e9 pour vous d\u00e9placer en v\u00e9lo taco, pour effectuer une visite de la ville, louer un v\u00e9lo ou encore vous faire livrer vos marchandises en v\u00e9lo cargo&#8230;tout cela gratuitement.<\/p>\n\n\n\n<p>Pensez \u00e0 r\u00e9server au 0650296000<\/p>\n\n\n\n<p>A tr\u00e8s vite<\/p>\n\n\n\n<figure class=\"wp-block-image\"><img fetchpriority=\"high\" decoding=\"async\" width=\"576\" height=\"768\" src=\"http:\/\/www.tacoandco.fr\/wp-content\/uploads\/2019\/09\/Journ\u00e9e-de-la-mobilit\u00e9-\u00e0-Arles-2019-Copier.jpg\" alt=\"\" class=\"wp-image-4589\" srcset=\"https:\/\/www.tacoandco.fr\/wp-content\/uploads\/2019\/09\/Journ\u00e9e-de-la-mobilit\u00e9-\u00e0-Arles-2019-Copier.jpg 576w, https:\/\/www.tacoandco.fr\/wp-content\/uploads\/2019\/09\/Journ\u00e9e-de-la-mobilit\u00e9-\u00e0-Arles-2019-Copier-225x300.jpg 225w\" sizes=\"(max-width: 576px) 100vw, 576px\" \/><\/figure>","protected":false},"excerpt":{"rendered":"<p>Pour la journ\u00e9e de la mobilit\u00e9 2019 qui aura lieu le samedi 21 septembre \u00e0 Arles, l&rsquo;ACCM vous propose de d\u00e9couvrir tous les services de Taco and Co gratuitement. Profitez de la journ\u00e9e de la mobilit\u00e9 pour vous d\u00e9placer en v\u00e9lo taco, pour effectuer une visite de la ville, louer un v\u00e9lo ou encore vous [&hellip;]<\/p>","protected":false},"author":2,"featured_media":4589,"comment_status":"closed","ping_status":"closed","sticky":false,"template":"","format":"standard","meta":{"footnotes":""},"categories":[4,3],"tags":[],"class_list":["post-4588","post","type-post","status-publish","format-standard","has-post-thumbnail","hentry","category-accueil","category-actualites","entry","has-media"],"aioseo_notices":[],"_links":{"self":[{"href":"https:\/\/www.tacoandco.fr\/en\/wp-json\/wp\/v2\/posts\/4588","targetHints":{"allow":["GET"]}}],"collection":[{"href":"https:\/\/www.tacoandco.fr\/en\/wp-json\/wp\/v2\/posts"}],"about":[{"href":"https:\/\/www.tacoandco.fr\/en\/wp-json\/wp\/v2\/types\/post"}],"author":[{"embeddable":true,"href":"https:\/\/www.tacoandco.fr\/en\/wp-json\/wp\/v2\/users\/2"}],"replies":[{"embeddable":true,"href":"https:\/\/www.tacoandco.fr\/en\/wp-json\/wp\/v2\/comments?post=4588"}],"version-history":[{"count":1,"href":"https:\/\/www.tacoandco.fr\/en\/wp-json\/wp\/v2\/posts\/4588\/revisions"}],"predecessor-version":[{"id":4590,"href":"https:\/\/www.tacoandco.fr\/en\/wp-json\/wp\/v2\/posts\/4588\/revisions\/4590"}],"wp:featuredmedia":[{"embeddable":true,"href":"https:\/\/www.tacoandco.fr\/en\/wp-json\/wp\/v2\/media\/4589"}],"wp:attachment":[{"href":"https:\/\/www.tacoandco.fr\/en\/wp-json\/wp\/v2\/media?parent=4588"}],"wp:term":[{"taxonomy":"category","embeddable":true,"href":"https:\/\/www.tacoandco.fr\/en\/wp-json\/wp\/v2\/categories?post=4588"},{"taxonomy":"post_tag","embeddable":true,"href":"https:\/\/www.tacoandco.fr\/en\/wp-json\/wp\/v2\/tags?post=4588"}],"curies":[{"name":"wp","href":"https:\/\/api.w.org\/{rel}","templated":true}]}}