{"id":4645,"date":"2019-11-07T09:01:16","date_gmt":"2019-11-07T08:01:16","guid":{"rendered":"http:\/\/www.tacoandco.fr\/?p=4645"},"modified":"2019-11-07T09:01:17","modified_gmt":"2019-11-07T08:01:17","slug":"novembre-2019-mois-de-leconomie-sociale-et-solidaire-a-arles","status":"publish","type":"post","link":"https:\/\/www.tacoandco.fr\/en\/blog\/2019\/11\/07\/novembre-2019-mois-de-leconomie-sociale-et-solidaire-a-arles\/","title":{"rendered":"Novembre 2019: Mois de l&rsquo;\u00e9conomie sociale et solidaire \u00e0 Arles"},"content":{"rendered":"<p>Novembre c&rsquo;est le mois de l&rsquo;\u00e9conomie sociale et solidaire. L&rsquo;ACCM et les acteurs de l&rsquo;\u00e9conomie sociale et solidaire se mobilisent pour promouvoir une autre \u00e9conomie, qui allie initiative \u00e9conomique et engagement social.<\/p>\n\n\n\n<p>L&rsquo;ACCM du pays d&rsquo;Arles vous invite \u00e0 participer dans le cadre du mois de l&rsquo;\u00e9conomie sociale et solidaire aux rencontres de l&rsquo;\u00e9conomie circulaire \u00e0 la Fondation Luma le 21 Novembre 2019.<\/p>\n\n\n\n<p><strong>Les Deux th\u00e9matiques&nbsp; de cette \u00e9dition 2019 sont:<\/strong><\/p>\n\n\n\n<p>L\u2019\u00e9conomie circulaire, pour une meilleure valorisation des d\u00e9chets<\/p>\n\n\n\n<p>La Transition \u00e9cologique&nbsp;et solidaire : localement une autre \u00e9conomie est possible<\/p>\n\n\n\n<p>D\u00e9couvrez \u00e9galement toutes les animations, rencontres, conf\u00e9rences autour de l&rsquo;\u00e9conomie sociale et solidaire dans le pays d&rsquo;Arles et votre r\u00e9gion<\/p>\n\n\n\n<p>Le programme \u00e0 d\u00e9couvrir sur: <br><a href=\"http:\/\/www.agglo-accm.fr\/index.php?id=2307\">http:\/\/www.agglo-accm.fr\/index.php?id=2307<\/a> <\/p>\n\n\n\n<figure class=\"wp-block-image\"><img fetchpriority=\"high\" decoding=\"async\" width=\"768\" height=\"1024\" src=\"http:\/\/www.tacoandco.fr\/wp-content\/uploads\/2019\/11\/ESS-2019-Copier-768x1024.jpg\" alt=\"\" class=\"wp-image-4650\" srcset=\"https:\/\/www.tacoandco.fr\/wp-content\/uploads\/2019\/11\/ESS-2019-Copier-768x1024.jpg 768w, https:\/\/www.tacoandco.fr\/wp-content\/uploads\/2019\/11\/ESS-2019-Copier-225x300.jpg 225w, https:\/\/www.tacoandco.fr\/wp-content\/uploads\/2019\/11\/ESS-2019-Copier.jpg 810w\" sizes=\"(max-width: 768px) 100vw, 768px\" \/><figcaption>Mois de L&rsquo;\u00e9conomie sociale et solidaire \u00e0 Arles<\/figcaption><\/figure>\n\n\n\n<figure class=\"wp-block-image\"><img decoding=\"async\" width=\"768\" height=\"1024\" src=\"http:\/\/www.tacoandco.fr\/wp-content\/uploads\/2019\/11\/ESS-Arles-2019-Copier-768x1024.jpg\" alt=\"\" class=\"wp-image-4651\" srcset=\"https:\/\/www.tacoandco.fr\/wp-content\/uploads\/2019\/11\/ESS-Arles-2019-Copier-768x1024.jpg 768w, https:\/\/www.tacoandco.fr\/wp-content\/uploads\/2019\/11\/ESS-Arles-2019-Copier-225x300.jpg 225w, https:\/\/www.tacoandco.fr\/wp-content\/uploads\/2019\/11\/ESS-Arles-2019-Copier.jpg 810w\" sizes=\"(max-width: 768px) 100vw, 768px\" \/><\/figure>","protected":false},"excerpt":{"rendered":"<p>Novembre c&rsquo;est le mois de l&rsquo;\u00e9conomie sociale et solidaire. L&rsquo;ACCM et les acteurs de l&rsquo;\u00e9conomie sociale et solidaire se mobilisent pour promouvoir une autre \u00e9conomie, qui allie initiative \u00e9conomique et engagement social. L&rsquo;ACCM du pays d&rsquo;Arles vous invite \u00e0 participer dans le cadre du mois de l&rsquo;\u00e9conomie sociale et solidaire aux rencontres de l&rsquo;\u00e9conomie circulaire [&hellip;]<\/p>","protected":false},"author":2,"featured_media":4650,"comment_status":"closed","ping_status":"closed","sticky":false,"template":"","format":"standard","meta":{"footnotes":""},"categories":[4,3],"tags":[],"class_list":["post-4645","post","type-post","status-publish","format-standard","has-post-thumbnail","hentry","category-accueil","category-actualites","entry","has-media"],"aioseo_notices":[],"_links":{"self":[{"href":"https:\/\/www.tacoandco.fr\/en\/wp-json\/wp\/v2\/posts\/4645","targetHints":{"allow":["GET"]}}],"collection":[{"href":"https:\/\/www.tacoandco.fr\/en\/wp-json\/wp\/v2\/posts"}],"about":[{"href":"https:\/\/www.tacoandco.fr\/en\/wp-json\/wp\/v2\/types\/post"}],"author":[{"embeddable":true,"href":"https:\/\/www.tacoandco.fr\/en\/wp-json\/wp\/v2\/users\/2"}],"replies":[{"embeddable":true,"href":"https:\/\/www.tacoandco.fr\/en\/wp-json\/wp\/v2\/comments?post=4645"}],"version-history":[{"count":1,"href":"https:\/\/www.tacoandco.fr\/en\/wp-json\/wp\/v2\/posts\/4645\/revisions"}],"predecessor-version":[{"id":4652,"href":"https:\/\/www.tacoandco.fr\/en\/wp-json\/wp\/v2\/posts\/4645\/revisions\/4652"}],"wp:featuredmedia":[{"embeddable":true,"href":"https:\/\/www.tacoandco.fr\/en\/wp-json\/wp\/v2\/media\/4650"}],"wp:attachment":[{"href":"https:\/\/www.tacoandco.fr\/en\/wp-json\/wp\/v2\/media?parent=4645"}],"wp:term":[{"taxonomy":"category","embeddable":true,"href":"https:\/\/www.tacoandco.fr\/en\/wp-json\/wp\/v2\/categories?post=4645"},{"taxonomy":"post_tag","embeddable":true,"href":"https:\/\/www.tacoandco.fr\/en\/wp-json\/wp\/v2\/tags?post=4645"}],"curies":[{"name":"wp","href":"https:\/\/api.w.org\/{rel}","templated":true}]}}