{"id":4655,"date":"2019-11-14T11:30:09","date_gmt":"2019-11-14T10:30:09","guid":{"rendered":"http:\/\/www.tacoandco.fr\/?p=4655"},"modified":"2019-11-14T11:30:09","modified_gmt":"2019-11-14T10:30:09","slug":"nouvelle-exposition-a-la-fondation-vincent-van-gogh-darles-2","status":"publish","type":"post","link":"https:\/\/www.tacoandco.fr\/en\/blog\/2019\/11\/14\/nouvelle-exposition-a-la-fondation-vincent-van-gogh-darles-2\/","title":{"rendered":"Nouvelle exposition \u00e0 la Fondation Vincent Van Gogh d&rsquo;Arles"},"content":{"rendered":"<p>La Fondation Vincent Van Gogh vous propose de d\u00e9couvrir sa nouvelle exposition \u00e0 partir 16 Novembre 2019.<\/p>\n\n\n\n<p> Le 16\u00a0novembre 2019, la Fondation Vincent van Gogh Arles inaugurera sa nouvelle exposition th\u00e9matique intitul\u00e9e \u00ab\u00a0\u2026 et labora\u00a0\u00bb. <\/p>\n\n\n\n<p>L&rsquo;exposition \u00ab\u00a0&#8230;et labora\u00a0\u00bb sera constitu\u00e9 d&rsquo;une centaine de photographies datant du XIX<sup>e<\/sup>\u00a0si\u00e8cle et du d\u00e9but du XX<sup>e<\/sup>\u00a0si\u00e8cle issues de la collection de\u00a0<a href=\"http:\/\/fondation-herzog.ch\/\"><strong>Peter et Ruth Herzog<\/strong><\/a><\/p>\n\n\n\n<p>Vous pourrez \u00e9galement d\u00e9couvrir \u00ab\u00a0Chauve souris\u00a0\u00bb de vincent Van Gogh datant de 1884<\/p>\n\n\n\n<p>All useful information\u00a0on  <br><a href=\"https:\/\/www.fondation-vincentvangogh-arles.org\/expositions\/et-labora\/\">https:\/\/www.fondation-vincentvangogh-arles.org\/expositions\/et-labora\/<\/a> <\/p>\n\n\n\n<figure class=\"wp-block-image\"><img fetchpriority=\"high\" decoding=\"async\" width=\"1024\" height=\"576\" src=\"http:\/\/www.tacoandco.fr\/wp-content\/uploads\/2019\/11\/FVVG-2019-2020-Copier-1024x576.jpeg\" alt=\"\" class=\"wp-image-4656\" srcset=\"https:\/\/www.tacoandco.fr\/wp-content\/uploads\/2019\/11\/FVVG-2019-2020-Copier-1024x576.jpeg 1024w, https:\/\/www.tacoandco.fr\/wp-content\/uploads\/2019\/11\/FVVG-2019-2020-Copier-300x169.jpeg 300w, https:\/\/www.tacoandco.fr\/wp-content\/uploads\/2019\/11\/FVVG-2019-2020-Copier-768x432.jpeg 768w, https:\/\/www.tacoandco.fr\/wp-content\/uploads\/2019\/11\/FVVG-2019-2020-Copier.jpeg 1920w\" sizes=\"(max-width: 1024px) 100vw, 1024px\" \/><\/figure>","protected":false},"excerpt":{"rendered":"<p>La Fondation Vincent Van Gogh vous propose de d\u00e9couvrir sa nouvelle exposition \u00e0 partir 16 Novembre 2019. Le 16\u00a0novembre 2019, la Fondation Vincent van Gogh Arles inaugurera sa nouvelle exposition th\u00e9matique intitul\u00e9e \u00ab\u00a0\u2026 et labora\u00a0\u00bb. L&rsquo;exposition \u00ab\u00a0&#8230;et labora\u00a0\u00bb sera constitu\u00e9 d&rsquo;une centaine de photographies datant du XIXe\u00a0si\u00e8cle et du d\u00e9but du XXe\u00a0si\u00e8cle issues de la [&hellip;]<\/p>","protected":false},"author":2,"featured_media":4656,"comment_status":"closed","ping_status":"closed","sticky":false,"template":"","format":"standard","meta":{"footnotes":""},"categories":[4,3],"tags":[],"class_list":["post-4655","post","type-post","status-publish","format-standard","has-post-thumbnail","hentry","category-accueil","category-actualites","entry","has-media"],"aioseo_notices":[],"_links":{"self":[{"href":"https:\/\/www.tacoandco.fr\/en\/wp-json\/wp\/v2\/posts\/4655","targetHints":{"allow":["GET"]}}],"collection":[{"href":"https:\/\/www.tacoandco.fr\/en\/wp-json\/wp\/v2\/posts"}],"about":[{"href":"https:\/\/www.tacoandco.fr\/en\/wp-json\/wp\/v2\/types\/post"}],"author":[{"embeddable":true,"href":"https:\/\/www.tacoandco.fr\/en\/wp-json\/wp\/v2\/users\/2"}],"replies":[{"embeddable":true,"href":"https:\/\/www.tacoandco.fr\/en\/wp-json\/wp\/v2\/comments?post=4655"}],"version-history":[{"count":1,"href":"https:\/\/www.tacoandco.fr\/en\/wp-json\/wp\/v2\/posts\/4655\/revisions"}],"predecessor-version":[{"id":4657,"href":"https:\/\/www.tacoandco.fr\/en\/wp-json\/wp\/v2\/posts\/4655\/revisions\/4657"}],"wp:featuredmedia":[{"embeddable":true,"href":"https:\/\/www.tacoandco.fr\/en\/wp-json\/wp\/v2\/media\/4656"}],"wp:attachment":[{"href":"https:\/\/www.tacoandco.fr\/en\/wp-json\/wp\/v2\/media?parent=4655"}],"wp:term":[{"taxonomy":"category","embeddable":true,"href":"https:\/\/www.tacoandco.fr\/en\/wp-json\/wp\/v2\/categories?post=4655"},{"taxonomy":"post_tag","embeddable":true,"href":"https:\/\/www.tacoandco.fr\/en\/wp-json\/wp\/v2\/tags?post=4655"}],"curies":[{"name":"wp","href":"https:\/\/api.w.org\/{rel}","templated":true}]}}