{"id":4844,"date":"2020-08-18T14:52:37","date_gmt":"2020-08-18T12:52:37","guid":{"rendered":"http:\/\/www.tacoandco.fr\/?p=4844"},"modified":"2020-08-18T14:52:37","modified_gmt":"2020-08-18T12:52:37","slug":"pop-up-the-volume-les-4-et-5-septembre-2020-chez-pop-1-rue-ferdinand-de-lesseps-a-arles","status":"publish","type":"post","link":"https:\/\/www.tacoandco.fr\/en\/blog\/2020\/08\/18\/pop-up-the-volume-les-4-et-5-septembre-2020-chez-pop-1-rue-ferdinand-de-lesseps-a-arles\/","title":{"rendered":"Pop up the volume, les 4 et 5 septembre 2020 chez POP, 1 rue Ferdinand de Lesseps \u00e0 Arles"},"content":{"rendered":"<p>La premi\u00e8re \u00e9dition de \u00ab\u00a0Pop up the volume\u00a0\u00bb aura lieu les 4 et 5 septembre 2020 chez POP \u00e0 Arles au 1 rue Ferdinand de Lesseps.<\/p>\n<p>Pop Up The Volume invite son public chez POP (Plateforme Ouverte au Public), pr\u00e8s du centre historique d&rsquo;Arles, les 4 et 5 septembre 2020, en compagnie d&rsquo;\u00c9tienne de Cr\u00e9cy, Pierre-Emmanuel Barr\u00e9, Fabulous Sheep, La Fine \u00c9quipe et de nombreux autres artistes.<\/p>\n<p>En plein air, sur un site de 5000 m\u00b2, ce festival offre l&rsquo;opportunit\u00e9 de chiller, de d\u00e9fier ses amis \u00e0 la p\u00e9tanque ou au babyfoot, de s&rsquo;adonner \u00e0 l&rsquo;art du graffiti, de profiter d&rsquo;une exposition, de regarder un film ou simplement de boire un verre tout en \u00e9coutant de la bonne musique.<\/p>\n<p>Toutes les informations et r\u00e9servations :<a href=\"https:\/\/www.festicket.com\/fr\/festivals\/pop-up-the-volume\/2020\/#:~:text=Pop%20Up%20The%20Volume%20invite,et%20de%20nombreux%20autres%20artistes.\">https:\/\/www.festicket.com\/fr\/festivals\/pop-up-the-volume\/2020\/#:~:text=Pop%20Up%20The%20Volume%20invite,et%20de%20nombreux%20autres%20artistes.<\/a><\/p>\n<figure id=\"attachment_4845\" aria-describedby=\"caption-attachment-4845\" style=\"width: 768px\" class=\"wp-caption aligncenter\"><a href=\"http:\/\/www.tacoandco.fr\/wp-content\/uploads\/2020\/08\/Pop-up-the-volume-Copier.jpg\"><img fetchpriority=\"high\" decoding=\"async\" class=\"size-large wp-image-4845\" src=\"http:\/\/www.tacoandco.fr\/wp-content\/uploads\/2020\/08\/Pop-up-the-volume-Copier-768x1024.jpg\" alt=\"\" width=\"768\" height=\"1024\" srcset=\"https:\/\/www.tacoandco.fr\/wp-content\/uploads\/2020\/08\/Pop-up-the-volume-Copier-768x1024.jpg 768w, https:\/\/www.tacoandco.fr\/wp-content\/uploads\/2020\/08\/Pop-up-the-volume-Copier-225x300.jpg 225w, https:\/\/www.tacoandco.fr\/wp-content\/uploads\/2020\/08\/Pop-up-the-volume-Copier.jpg 810w\" sizes=\"(max-width: 768px) 100vw, 768px\" \/><\/a><figcaption id=\"caption-attachment-4845\" class=\"wp-caption-text\">Pop up the volume \u00e0 Arles<\/figcaption><\/figure>","protected":false},"excerpt":{"rendered":"<p>La premi\u00e8re \u00e9dition de \u00ab\u00a0Pop up the volume\u00a0\u00bb aura lieu les 4 et 5 septembre 2020 chez POP \u00e0 Arles au 1 rue Ferdinand de Lesseps. Pop Up The Volume invite son public chez POP (Plateforme Ouverte au Public), pr\u00e8s du centre historique d&rsquo;Arles, les 4 et 5 septembre 2020, en compagnie d&rsquo;\u00c9tienne de Cr\u00e9cy, [&hellip;]<\/p>","protected":false},"author":2,"featured_media":4845,"comment_status":"closed","ping_status":"closed","sticky":false,"template":"","format":"standard","meta":{"footnotes":""},"categories":[4,3],"tags":[],"class_list":["post-4844","post","type-post","status-publish","format-standard","has-post-thumbnail","hentry","category-accueil","category-actualites","entry","has-media"],"aioseo_notices":[],"_links":{"self":[{"href":"https:\/\/www.tacoandco.fr\/en\/wp-json\/wp\/v2\/posts\/4844","targetHints":{"allow":["GET"]}}],"collection":[{"href":"https:\/\/www.tacoandco.fr\/en\/wp-json\/wp\/v2\/posts"}],"about":[{"href":"https:\/\/www.tacoandco.fr\/en\/wp-json\/wp\/v2\/types\/post"}],"author":[{"embeddable":true,"href":"https:\/\/www.tacoandco.fr\/en\/wp-json\/wp\/v2\/users\/2"}],"replies":[{"embeddable":true,"href":"https:\/\/www.tacoandco.fr\/en\/wp-json\/wp\/v2\/comments?post=4844"}],"version-history":[{"count":1,"href":"https:\/\/www.tacoandco.fr\/en\/wp-json\/wp\/v2\/posts\/4844\/revisions"}],"predecessor-version":[{"id":4846,"href":"https:\/\/www.tacoandco.fr\/en\/wp-json\/wp\/v2\/posts\/4844\/revisions\/4846"}],"wp:featuredmedia":[{"embeddable":true,"href":"https:\/\/www.tacoandco.fr\/en\/wp-json\/wp\/v2\/media\/4845"}],"wp:attachment":[{"href":"https:\/\/www.tacoandco.fr\/en\/wp-json\/wp\/v2\/media?parent=4844"}],"wp:term":[{"taxonomy":"category","embeddable":true,"href":"https:\/\/www.tacoandco.fr\/en\/wp-json\/wp\/v2\/categories?post=4844"},{"taxonomy":"post_tag","embeddable":true,"href":"https:\/\/www.tacoandco.fr\/en\/wp-json\/wp\/v2\/tags?post=4844"}],"curies":[{"name":"wp","href":"https:\/\/api.w.org\/{rel}","templated":true}]}}